{"id":5786,"date":"2025-03-15T10:15:27","date_gmt":"2025-03-15T09:15:27","guid":{"rendered":"https:\/\/www.bevanar-dorga.ch\/ein-aussergewoehnlicher-workshop-rund-um-die-cluizel-schokolade\/"},"modified":"2025-05-16T15:09:01","modified_gmt":"2025-05-16T13:09:01","slug":"ein-aussergewoehnlicher-workshop-rund-um-die-cluizel-schokolade","status":"publish","type":"post","link":"https:\/\/www.bevanar-dorga.ch\/de\/ein-aussergewoehnlicher-workshop-rund-um-die-cluizel-schokolade\/","title":{"rendered":"Ein au\u00dfergew\u00f6hnlicher Workshop rund um die Cluizel-Schokolade!"},"content":{"rendered":"<section  class='av_textblock_section av-m8izl7lc-95a9e4d48758d592cfcd1bfb7d967e16 '   itemscope=\"itemscope\" itemtype=\"https:\/\/schema.org\/BlogPosting\" itemprop=\"blogPost\" ><div class='avia_textblock'  itemprop=\"text\" ><h3 data-pm-slice=\"1 1 []\"><img decoding=\"async\" class=\"size-medium wp-image-384 aligncenter\" role=\"img\" src=\"https:\/\/www.bevanar-dorga.ch\/wp\/wp-content\/uploads\/2024\/07\/Cluizel_Logo.svg\" alt=\"Cluizel-Logo\" width=\"300\" height=\"300\" \/><\/h3>\n<h3 data-pm-slice=\"1 1 []\"><\/h3>\n<h1 style=\"text-align: center;\" data-pm-slice=\"1 1 []\"><strong>Ein R\u00fcckblick auf unseren au\u00dfergew\u00f6hnlichen Workshop rund um Cluizel-Schokolade !<\/strong><\/h1>\n<p style=\"text-align: center;\"><strong>Am Dienstag, den 4. M\u00e4rz 2025<\/strong>, hatten wir das Vergn\u00fcgen, unsere Kunden zu einem au\u00dfergew\u00f6hnlichen Workshop in der<strong>Hotelfachschule Z\u00fcrich<\/strong> zu begr\u00fc\u00dfen.<br \/>\nBei dieser Veranstaltung trafen sich leidenschaftliche Konditormeister um S\u00e9bastien Kraus, der zum Konditor des Jahres 2019 gew\u00e4hlt wurde, zu einem genussvollen Eintauchen in die Welt der Schokolade und der Texturen.<\/p>\n<p style=\"text-align: center;\">An diesem Tag, der reich an Austausch und Kreativit\u00e4t war, hatten die Teilnehmer die Gelegenheit, an au\u00dfergew\u00f6hnlichen Tellerdesserts und Geb\u00e4ck zu arbeiten.<br \/>\nDas Ziel: die Zutaten zu sublimieren und den ganzen aromatischen Reichtum der geehrten Produkte zu enth\u00fcllen.<\/p>\n<\/div><\/section>\n\n<style type=\"text\/css\" data-created_by=\"avia_inline_auto\" id=\"style-css-av-m8muak40-6543a6787b8d00b9099a9670f35b7411\">\n#top .avia-gallery.av-m8muak40-6543a6787b8d00b9099a9670f35b7411 .avia-gallery-thumb a{\nwidth:20%;\n}\n<\/style>\n<div  class='avia-gallery av-m8muak40-6543a6787b8d00b9099a9670f35b7411 avia_animate_when_visible  avia-builder-el-1  el_after_av_textblock  el_before_av_textblock  avia_lazyload avia-gallery-animate avia-gallery-1'  itemprop=\"image\" itemscope=\"itemscope\" itemtype=\"https:\/\/schema.org\/ImageObject\" ><meta itemprop=\"contentURL\" content=\"https:\/\/www.bevanar-dorga.ch\/de\/ein-aussergewoehnlicher-workshop-rund-um-die-cluizel-schokolade\/\"><div class='avia-gallery-thumb'><a href=\"https:\/\/www.bevanar-dorga.ch\/wp\/wp-content\/uploads\/2025\/03\/Chef-Sebastien-Kraus-2-893x1030.jpg\" data-srcset=\"https:\/\/www.bevanar-dorga.ch\/wp\/wp-content\/uploads\/2025\/03\/Chef-Sebastien-Kraus-2-893x1030.jpg 893w, https:\/\/www.bevanar-dorga.ch\/wp\/wp-content\/uploads\/2025\/03\/Chef-Sebastien-Kraus-2-260x300.jpg 260w, https:\/\/www.bevanar-dorga.ch\/wp\/wp-content\/uploads\/2025\/03\/Chef-Sebastien-Kraus-2-768x886.jpg 768w, https:\/\/www.bevanar-dorga.ch\/wp\/wp-content\/uploads\/2025\/03\/Chef-Sebastien-Kraus-2-1331x1536.jpg 1331w, https:\/\/www.bevanar-dorga.ch\/wp\/wp-content\/uploads\/2025\/03\/Chef-Sebastien-Kraus-2-1775x2048.jpg 1775w, https:\/\/www.bevanar-dorga.ch\/wp\/wp-content\/uploads\/2025\/03\/Chef-Sebastien-Kraus-2-1300x1500.jpg 1300w, https:\/\/www.bevanar-dorga.ch\/wp\/wp-content\/uploads\/2025\/03\/Chef-Sebastien-Kraus-2-611x705.jpg 611w, https:\/\/www.bevanar-dorga.ch\/wp\/wp-content\/uploads\/2025\/03\/Chef-Sebastien-Kraus-2.jpg 1872w\" data-sizes=\"(max-width: 893px) 100vw, 893px\" data-rel='gallery-1' data-prev-img='https:\/\/www.bevanar-dorga.ch\/wp\/wp-content\/uploads\/2025\/03\/Chef-Sebastien-Kraus-2-495x400.jpg' class='first_thumb lightbox ' data-onclick='1' title='Chefkoch Sebastian Kraus'  itemprop=\"thumbnailUrl\"  ><img decoding=\"async\" fetchpriority=\"high\" class=\"wp-image-5773 avia-img-lazy-loading-not-5773\"  data-avia-tooltip='Chefkoch Sebastian Kraus' src=\"https:\/\/www.bevanar-dorga.ch\/wp\/wp-content\/uploads\/2025\/03\/Chef-Sebastien-Kraus-2-495x400.jpg\" width=\"495\" height=\"400\"  title='Chefkoch Sebastian Kraus' alt='' srcset=\"https:\/\/www.bevanar-dorga.ch\/wp\/wp-content\/uploads\/2025\/03\/Chef-Sebastien-Kraus-2-495x400.jpg 495w, https:\/\/www.bevanar-dorga.ch\/wp\/wp-content\/uploads\/2025\/03\/Chef-Sebastien-Kraus-2-845x684.jpg 845w\" sizes=\"(max-width: 495px) 100vw, 495px\" \/><div class='big-prev-fake'><img decoding=\"async\" loading=\"lazy\" class=\"wp-image-5773 avia-img-lazy-loading-5773\"  width=\"495\" height=\"400\" src=\"https:\/\/www.bevanar-dorga.ch\/wp\/wp-content\/uploads\/2025\/03\/Chef-Sebastien-Kraus-2-495x400.jpg\" title='Chefkoch Sebastian Kraus' alt='' srcset=\"https:\/\/www.bevanar-dorga.ch\/wp\/wp-content\/uploads\/2025\/03\/Chef-Sebastien-Kraus-2-495x400.jpg 495w, https:\/\/www.bevanar-dorga.ch\/wp\/wp-content\/uploads\/2025\/03\/Chef-Sebastien-Kraus-2-845x684.jpg 845w\" sizes=\"auto, (max-width: 495px) 100vw, 495px\" \/><\/div><\/a><a href=\"https:\/\/www.bevanar-dorga.ch\/wp\/wp-content\/uploads\/2025\/03\/Workshop-Cluizel.jpg\" data-srcset=\"https:\/\/www.bevanar-dorga.ch\/wp\/wp-content\/uploads\/2025\/03\/Workshop-Cluizel.jpg 586w, https:\/\/www.bevanar-dorga.ch\/wp\/wp-content\/uploads\/2025\/03\/Workshop-Cluizel-300x207.jpg 300w\" data-sizes=\"(max-width: 586px) 100vw, 586px\" data-rel='gallery-1' data-prev-img='https:\/\/www.bevanar-dorga.ch\/wp\/wp-content\/uploads\/2025\/03\/Workshop-Cluizel-495x400.jpg' class='lightbox ' data-onclick='2' title='Des clients satisfaits'  itemprop=\"thumbnailUrl\"  ><img decoding=\"async\" fetchpriority=\"high\" class=\"wp-image-5771 avia-img-lazy-loading-not-5771\"  data-avia-tooltip='Des clients satisfaits' src=\"https:\/\/www.bevanar-dorga.ch\/wp\/wp-content\/uploads\/2025\/03\/Workshop-Cluizel-495x400.jpg\" width=\"495\" height=\"400\"  title='Workshop Cluizel' alt='' \/><div class='big-prev-fake'><img decoding=\"async\" loading=\"lazy\" class=\"wp-image-5771 avia-img-lazy-loading-5771\"  width=\"495\" height=\"400\" src=\"https:\/\/www.bevanar-dorga.ch\/wp\/wp-content\/uploads\/2025\/03\/Workshop-Cluizel-495x400.jpg\" title='Workshop Cluizel' alt='' \/><\/div><\/a><a href=\"https:\/\/www.bevanar-dorga.ch\/wp\/wp-content\/uploads\/2025\/03\/Recette-Chocolat-Cluizel-3-773x1030.jpg\" data-srcset=\"https:\/\/www.bevanar-dorga.ch\/wp\/wp-content\/uploads\/2025\/03\/Recette-Chocolat-Cluizel-3-773x1030.jpg 773w, https:\/\/www.bevanar-dorga.ch\/wp\/wp-content\/uploads\/2025\/03\/Recette-Chocolat-Cluizel-3-225x300.jpg 225w, https:\/\/www.bevanar-dorga.ch\/wp\/wp-content\/uploads\/2025\/03\/Recette-Chocolat-Cluizel-3-768x1024.jpg 768w, https:\/\/www.bevanar-dorga.ch\/wp\/wp-content\/uploads\/2025\/03\/Recette-Chocolat-Cluizel-3-1152x1536.jpg 1152w, https:\/\/www.bevanar-dorga.ch\/wp\/wp-content\/uploads\/2025\/03\/Recette-Chocolat-Cluizel-3-1536x2048.jpg 1536w, https:\/\/www.bevanar-dorga.ch\/wp\/wp-content\/uploads\/2025\/03\/Recette-Chocolat-Cluizel-3-1125x1500.jpg 1125w, https:\/\/www.bevanar-dorga.ch\/wp\/wp-content\/uploads\/2025\/03\/Recette-Chocolat-Cluizel-3-529x705.jpg 529w, https:\/\/www.bevanar-dorga.ch\/wp\/wp-content\/uploads\/2025\/03\/Recette-Chocolat-Cluizel-3.jpg 1920w\" data-sizes=\"(max-width: 773px) 100vw, 773px\" data-rel='gallery-1' data-prev-img='https:\/\/www.bevanar-dorga.ch\/wp\/wp-content\/uploads\/2025\/03\/Recette-Chocolat-Cluizel-3-495x400.jpg' class='lightbox ' data-onclick='3' title='Recette chocolat\u00e9e Cluizel'  itemprop=\"thumbnailUrl\"  ><img decoding=\"async\" fetchpriority=\"high\" class=\"wp-image-5767 avia-img-lazy-loading-not-5767\"  data-avia-tooltip='Recette chocolat\u00e9e Cluizel' src=\"https:\/\/www.bevanar-dorga.ch\/wp\/wp-content\/uploads\/2025\/03\/Recette-Chocolat-Cluizel-3-495x400.jpg\" width=\"495\" height=\"400\"  title='Recette Chocolat Cluizel' alt='' srcset=\"https:\/\/www.bevanar-dorga.ch\/wp\/wp-content\/uploads\/2025\/03\/Recette-Chocolat-Cluizel-3-495x400.jpg 495w, https:\/\/www.bevanar-dorga.ch\/wp\/wp-content\/uploads\/2025\/03\/Recette-Chocolat-Cluizel-3-845x684.jpg 845w\" sizes=\"(max-width: 495px) 100vw, 495px\" \/><div class='big-prev-fake'><img decoding=\"async\" loading=\"lazy\" class=\"wp-image-5767 avia-img-lazy-loading-5767\"  width=\"495\" height=\"400\" src=\"https:\/\/www.bevanar-dorga.ch\/wp\/wp-content\/uploads\/2025\/03\/Recette-Chocolat-Cluizel-3-495x400.jpg\" title='Recette Chocolat Cluizel' alt='' srcset=\"https:\/\/www.bevanar-dorga.ch\/wp\/wp-content\/uploads\/2025\/03\/Recette-Chocolat-Cluizel-3-495x400.jpg 495w, https:\/\/www.bevanar-dorga.ch\/wp\/wp-content\/uploads\/2025\/03\/Recette-Chocolat-Cluizel-3-845x684.jpg 845w\" sizes=\"auto, (max-width: 495px) 100vw, 495px\" \/><\/div><\/a><a href=\"https:\/\/www.bevanar-dorga.ch\/wp\/wp-content\/uploads\/2025\/03\/Recette-chocolat-blanc-Cluizel-1.jpg\" data-srcset=\"https:\/\/www.bevanar-dorga.ch\/wp\/wp-content\/uploads\/2025\/03\/Recette-chocolat-blanc-Cluizel-1.jpg 480w, https:\/\/www.bevanar-dorga.ch\/wp\/wp-content\/uploads\/2025\/03\/Recette-chocolat-blanc-Cluizel-1-225x300.jpg 225w\" data-sizes=\"(max-width: 480px) 100vw, 480px\" data-rel='gallery-1' data-prev-img='https:\/\/www.bevanar-dorga.ch\/wp\/wp-content\/uploads\/2025\/03\/Recette-chocolat-blanc-Cluizel-1-480x400.jpg' class='lightbox ' data-onclick='4' title='Recette chocolat blanc Cluizel'  itemprop=\"thumbnailUrl\"  ><img decoding=\"async\" fetchpriority=\"high\" class=\"wp-image-5765 avia-img-lazy-loading-not-5765\"  data-avia-tooltip='Recette chocolat blanc Cluizel' src=\"https:\/\/www.bevanar-dorga.ch\/wp\/wp-content\/uploads\/2025\/03\/Recette-chocolat-blanc-Cluizel-1-480x400.jpg\" width=\"480\" height=\"400\"  title='Recette chocolat blanc Cluizel' alt='' \/><div class='big-prev-fake'><img decoding=\"async\" loading=\"lazy\" class=\"wp-image-5765 avia-img-lazy-loading-5765\"  width=\"480\" height=\"400\" src=\"https:\/\/www.bevanar-dorga.ch\/wp\/wp-content\/uploads\/2025\/03\/Recette-chocolat-blanc-Cluizel-1-480x400.jpg\" title='Recette chocolat blanc Cluizel' alt='' \/><\/div><\/a><a href=\"https:\/\/www.bevanar-dorga.ch\/wp\/wp-content\/uploads\/2025\/03\/Recette-fruits-Cluizel-2-773x1030.jpeg\" data-srcset=\"https:\/\/www.bevanar-dorga.ch\/wp\/wp-content\/uploads\/2025\/03\/Recette-fruits-Cluizel-2-773x1030.jpeg 773w, https:\/\/www.bevanar-dorga.ch\/wp\/wp-content\/uploads\/2025\/03\/Recette-fruits-Cluizel-2-225x300.jpeg 225w, https:\/\/www.bevanar-dorga.ch\/wp\/wp-content\/uploads\/2025\/03\/Recette-fruits-Cluizel-2-768x1024.jpeg 768w, https:\/\/www.bevanar-dorga.ch\/wp\/wp-content\/uploads\/2025\/03\/Recette-fruits-Cluizel-2-1152x1536.jpeg 1152w, https:\/\/www.bevanar-dorga.ch\/wp\/wp-content\/uploads\/2025\/03\/Recette-fruits-Cluizel-2-1536x2048.jpeg 1536w, https:\/\/www.bevanar-dorga.ch\/wp\/wp-content\/uploads\/2025\/03\/Recette-fruits-Cluizel-2-1125x1500.jpeg 1125w, https:\/\/www.bevanar-dorga.ch\/wp\/wp-content\/uploads\/2025\/03\/Recette-fruits-Cluizel-2-529x705.jpeg 529w, https:\/\/www.bevanar-dorga.ch\/wp\/wp-content\/uploads\/2025\/03\/Recette-fruits-Cluizel-2-scaled.jpeg 1920w\" data-sizes=\"(max-width: 773px) 100vw, 773px\" data-rel='gallery-1' data-prev-img='https:\/\/www.bevanar-dorga.ch\/wp\/wp-content\/uploads\/2025\/03\/Recette-fruits-Cluizel-2-495x400.jpeg' class='lightbox ' data-onclick='5' title='Recette fruit\u00e9e Cluizel'  itemprop=\"thumbnailUrl\"  ><img decoding=\"async\" fetchpriority=\"high\" class=\"wp-image-5769 avia-img-lazy-loading-not-5769\"  data-avia-tooltip='Recette fruit\u00e9e Cluizel' src=\"https:\/\/www.bevanar-dorga.ch\/wp\/wp-content\/uploads\/2025\/03\/Recette-fruits-Cluizel-2-495x400.jpeg\" width=\"495\" height=\"400\"  title='Recette fruits Cluizel' alt='' srcset=\"https:\/\/www.bevanar-dorga.ch\/wp\/wp-content\/uploads\/2025\/03\/Recette-fruits-Cluizel-2-495x400.jpeg 495w, https:\/\/www.bevanar-dorga.ch\/wp\/wp-content\/uploads\/2025\/03\/Recette-fruits-Cluizel-2-845x684.jpeg 845w\" sizes=\"(max-width: 495px) 100vw, 495px\" \/><div class='big-prev-fake'><img decoding=\"async\" loading=\"lazy\" class=\"wp-image-5769 avia-img-lazy-loading-5769\"  width=\"495\" height=\"400\" src=\"https:\/\/www.bevanar-dorga.ch\/wp\/wp-content\/uploads\/2025\/03\/Recette-fruits-Cluizel-2-495x400.jpeg\" title='Recette fruits Cluizel' alt='' srcset=\"https:\/\/www.bevanar-dorga.ch\/wp\/wp-content\/uploads\/2025\/03\/Recette-fruits-Cluizel-2-495x400.jpeg 495w, https:\/\/www.bevanar-dorga.ch\/wp\/wp-content\/uploads\/2025\/03\/Recette-fruits-Cluizel-2-845x684.jpeg 845w\" sizes=\"auto, (max-width: 495px) 100vw, 495px\" \/><\/div><\/a><\/div><\/div>\n<section  class='av_textblock_section av-m8izmx82-2c2c10e755342501085d7a364feec2a3 '   itemscope=\"itemscope\" itemtype=\"https:\/\/schema.org\/BlogPosting\" itemprop=\"blogPost\" ><div class='avia_textblock'  itemprop=\"text\" ><h3><\/h3>\n<h3 style=\"text-align: center;\">Exzellente Zutaten f\u00fcr einzigartige Kreationen<\/h3>\n<p style=\"text-align: center;\">Um Ihre Backkreationen zu veredeln, haben wir hochwertige Zutaten ausgew\u00e4hlt:<br \/>\n\u2714\ufe0f <strong>CLUIZEL Kuvert\u00fcren und ihre &#8220;fertig zum Garnieren&#8221;<\/strong>, auch &#8220;formbar&#8221; genannt <strong>.<\/strong><br \/>\n\u2714\ufe0f <strong>Fruchtp\u00fcrees von La Fruiti\u00e8re du Val Evel<\/strong><br \/>\n\u2714\ufe0f <strong>Sal de Menorca<\/strong>: eine subtile salzige Note, die den Geschmack ausgleicht und hervorhebt.<br \/>\n\u2714\ufe0f <strong>Sosa Ingredients<\/strong>: f\u00fcr neue und \u00fcberraschende Texturen.<\/p>\n<p style=\"text-align: center;\">Der Workshop war ein Moment des Austauschs und der Inspiration, der es den anwesenden Konditormeistern erm\u00f6glichte, neue Geschmackskombinationen zu erforschen und ihre Techniken zu perfektionieren.<\/p>\n<p style=\"text-align: center;\">Wir danken allen Teilnehmern und Partnern, die zum Erfolg dieser Veranstaltung beigetragen haben!<\/p>\n<p style=\"text-align: center;\">Bleiben Sie dran, um unsere n\u00e4chsten Termine zu entdecken und weiterhin gemeinsam die Kunst der Patisserie mit Leidenschaft und Exzellenz zu erforschen!<\/p>\n<\/div><\/section>\n<div  class='avia-button-wrap av-m8mud2gd-06058abef714b58935bff91525b8969e-wrap avia-button-center  avia-builder-el-3  el_after_av_textblock  avia-builder-el-last '>\n<style type=\"text\/css\" data-created_by=\"avia_inline_auto\" id=\"style-css-av-m8mud2gd-06058abef714b58935bff91525b8969e\">\n#top #wrap_all .avia-button.av-m8mud2gd-06058abef714b58935bff91525b8969e{\nfont-size:12px;\ntransition:all 0.4s ease-in-out;\n}\n<\/style>\n<a href='https:\/\/www.bevanar-dorga.ch\/de\/unsere-marken\/cluizel\/'  class='avia-button av-m8mud2gd-06058abef714b58935bff91525b8969e av-link-btn avia-icon_select-no avia-size-small avia-position-center avia-color-theme-color'  target=\"_blank\"  rel=\"noopener noreferrer\"  aria-label=\"MEHR \u00dcBER CLUIZEL\"><span class='avia_iconbox_title' >MEHR \u00dcBER CLUIZEL<\/span><\/a><\/div>\n","protected":false},"excerpt":{"rendered":"<p>Passionierte K\u00f6che, au\u00dfergew\u00f6hnliche Zutaten und das einzigartige Know-how von Cluizel&#8230;<br \/>\nAm Dienstag, dem 4. M\u00e4rz, versammelten wir unsere Kunden, um die Schokolade zu verfeinern&#8230;.<\/p>\n","protected":false},"author":2,"featured_media":5738,"comment_status":"closed","ping_status":"closed","sticky":false,"template":"","format":"standard","meta":{"_acf_changed":false,"footnotes":""},"categories":[130],"tags":[],"class_list":["post-5786","post","type-post","status-publish","format-standard","has-post-thumbnail","hentry","category-nachrichten"],"acf":[],"yoast_head":"<!-- This site is optimized with the Yoast SEO plugin v23.5 - https:\/\/yoast.com\/wordpress\/plugins\/seo\/ -->\n<title>Ein au\u00dfergew\u00f6hnlicher Workshop rund um die Cluizel-Schokolade! - Bevanar&amp;Dorga SA<\/title>\n<meta name=\"robots\" content=\"index, follow, max-snippet:-1, max-image-preview:large, max-video-preview:-1\" \/>\n<link rel=\"canonical\" href=\"https:\/\/www.bevanar-dorga.ch\/de\/ein-aussergewoehnlicher-workshop-rund-um-die-cluizel-schokolade\/\" \/>\n<meta property=\"og:locale\" content=\"de_DE\" \/>\n<meta property=\"og:type\" content=\"article\" \/>\n<meta property=\"og:title\" content=\"Ein au\u00dfergew\u00f6hnlicher Workshop rund um die Cluizel-Schokolade! - Bevanar&amp;Dorga SA\" \/>\n<meta property=\"og:description\" content=\"Passionierte K\u00f6che, au\u00dfergew\u00f6hnliche Zutaten und das einzigartige Know-how von Cluizel...  Am Dienstag, dem 4. M\u00e4rz, versammelten wir unsere Kunden, um die Schokolade zu verfeinern....\" \/>\n<meta property=\"og:url\" content=\"https:\/\/www.bevanar-dorga.ch\/de\/ein-aussergewoehnlicher-workshop-rund-um-die-cluizel-schokolade\/\" \/>\n<meta property=\"og:site_name\" content=\"Bevanar&amp;Dorga SA\" \/>\n<meta property=\"article:published_time\" content=\"2025-03-15T09:15:27+00:00\" \/>\n<meta property=\"article:modified_time\" content=\"2025-05-16T13:09:01+00:00\" \/>\n<meta property=\"og:image\" content=\"https:\/\/www.bevanar-dorga.ch\/wp\/wp-content\/uploads\/2025\/03\/Worshop_Cluizel.jpg\" \/>\n\t<meta property=\"og:image:width\" content=\"586\" \/>\n\t<meta property=\"og:image:height\" content=\"404\" \/>\n\t<meta property=\"og:image:type\" content=\"image\/jpeg\" \/>\n<meta name=\"author\" content=\"Bevanar&amp;Dorga\" \/>\n<meta name=\"twitter:card\" content=\"summary_large_image\" \/>\n<meta name=\"twitter:label1\" content=\"Written by\" \/>\n\t<meta name=\"twitter:data1\" content=\"Bevanar&amp;Dorga\" \/>\n\t<meta name=\"twitter:label2\" content=\"Est. reading time\" \/>\n\t<meta name=\"twitter:data2\" content=\"4 minutes\" \/>\n<script type=\"application\/ld+json\" class=\"yoast-schema-graph\">{\"@context\":\"https:\/\/schema.org\",\"@graph\":[{\"@type\":\"WebPage\",\"@id\":\"https:\/\/www.bevanar-dorga.ch\/de\/ein-aussergewoehnlicher-workshop-rund-um-die-cluizel-schokolade\/\",\"url\":\"https:\/\/www.bevanar-dorga.ch\/de\/ein-aussergewoehnlicher-workshop-rund-um-die-cluizel-schokolade\/\",\"name\":\"Ein au\u00dfergew\u00f6hnlicher Workshop rund um die Cluizel-Schokolade! - Bevanar&amp;Dorga SA\",\"isPartOf\":{\"@id\":\"https:\/\/www.bevanar-dorga.ch\/de\/#website\"},\"primaryImageOfPage\":{\"@id\":\"https:\/\/www.bevanar-dorga.ch\/de\/ein-aussergewoehnlicher-workshop-rund-um-die-cluizel-schokolade\/#primaryimage\"},\"image\":{\"@id\":\"https:\/\/www.bevanar-dorga.ch\/de\/ein-aussergewoehnlicher-workshop-rund-um-die-cluizel-schokolade\/#primaryimage\"},\"thumbnailUrl\":\"https:\/\/www.bevanar-dorga.ch\/wp\/wp-content\/uploads\/2025\/03\/Worshop_Cluizel.jpg\",\"datePublished\":\"2025-03-15T09:15:27+00:00\",\"dateModified\":\"2025-05-16T13:09:01+00:00\",\"author\":{\"@id\":\"https:\/\/www.bevanar-dorga.ch\/de\/#\/schema\/person\/6c03e658c99cb99292595991c178e20d\"},\"breadcrumb\":{\"@id\":\"https:\/\/www.bevanar-dorga.ch\/de\/ein-aussergewoehnlicher-workshop-rund-um-die-cluizel-schokolade\/#breadcrumb\"},\"inLanguage\":\"de-DE\",\"potentialAction\":[{\"@type\":\"ReadAction\",\"target\":[\"https:\/\/www.bevanar-dorga.ch\/de\/ein-aussergewoehnlicher-workshop-rund-um-die-cluizel-schokolade\/\"]}]},{\"@type\":\"ImageObject\",\"inLanguage\":\"de-DE\",\"@id\":\"https:\/\/www.bevanar-dorga.ch\/de\/ein-aussergewoehnlicher-workshop-rund-um-die-cluizel-schokolade\/#primaryimage\",\"url\":\"https:\/\/www.bevanar-dorga.ch\/wp\/wp-content\/uploads\/2025\/03\/Worshop_Cluizel.jpg\",\"contentUrl\":\"https:\/\/www.bevanar-dorga.ch\/wp\/wp-content\/uploads\/2025\/03\/Worshop_Cluizel.jpg\",\"width\":586,\"height\":404,\"caption\":\"Workshop Cluizel-Schokoladen\"},{\"@type\":\"BreadcrumbList\",\"@id\":\"https:\/\/www.bevanar-dorga.ch\/de\/ein-aussergewoehnlicher-workshop-rund-um-die-cluizel-schokolade\/#breadcrumb\",\"itemListElement\":[{\"@type\":\"ListItem\",\"position\":1,\"name\":\"Accueil\",\"item\":\"https:\/\/www.bevanar-dorga.ch\/de\/accueil\/\"},{\"@type\":\"ListItem\",\"position\":2,\"name\":\"Ein au\u00dfergew\u00f6hnlicher Workshop rund um die Cluizel-Schokolade!\"}]},{\"@type\":\"WebSite\",\"@id\":\"https:\/\/www.bevanar-dorga.ch\/de\/#website\",\"url\":\"https:\/\/www.bevanar-dorga.ch\/de\/\",\"name\":\"Bevanar&amp;Dorga SA\",\"description\":\"Votre partenaire Suisse pour les produits gastronomique\",\"potentialAction\":[{\"@type\":\"SearchAction\",\"target\":{\"@type\":\"EntryPoint\",\"urlTemplate\":\"https:\/\/www.bevanar-dorga.ch\/de\/?s={search_term_string}\"},\"query-input\":{\"@type\":\"PropertyValueSpecification\",\"valueRequired\":true,\"valueName\":\"search_term_string\"}}],\"inLanguage\":\"de-DE\"},{\"@type\":\"Person\",\"@id\":\"https:\/\/www.bevanar-dorga.ch\/de\/#\/schema\/person\/6c03e658c99cb99292595991c178e20d\",\"name\":\"Bevanar&amp;Dorga\",\"image\":{\"@type\":\"ImageObject\",\"inLanguage\":\"de-DE\",\"@id\":\"https:\/\/www.bevanar-dorga.ch\/de\/#\/schema\/person\/image\/\",\"url\":\"https:\/\/secure.gravatar.com\/avatar\/7ece48c39f2166fabcf4adacbc53b7c92538dcdd8af298ddbf4d24f06044ed46?s=96&d=mm&r=g\",\"contentUrl\":\"https:\/\/secure.gravatar.com\/avatar\/7ece48c39f2166fabcf4adacbc53b7c92538dcdd8af298ddbf4d24f06044ed46?s=96&d=mm&r=g\",\"caption\":\"Bevanar&amp;Dorga\"},\"url\":\"https:\/\/www.bevanar-dorga.ch\/de\/author\/bevanar-dorga\/\"}]}<\/script>\n<!-- \/ Yoast SEO plugin. -->","yoast_head_json":{"title":"Ein au\u00dfergew\u00f6hnlicher Workshop rund um die Cluizel-Schokolade! - Bevanar&amp;Dorga SA","robots":{"index":"index","follow":"follow","max-snippet":"max-snippet:-1","max-image-preview":"max-image-preview:large","max-video-preview":"max-video-preview:-1"},"canonical":"https:\/\/www.bevanar-dorga.ch\/de\/ein-aussergewoehnlicher-workshop-rund-um-die-cluizel-schokolade\/","og_locale":"de_DE","og_type":"article","og_title":"Ein au\u00dfergew\u00f6hnlicher Workshop rund um die Cluizel-Schokolade! - Bevanar&amp;Dorga SA","og_description":"Passionierte K\u00f6che, au\u00dfergew\u00f6hnliche Zutaten und das einzigartige Know-how von Cluizel...  Am Dienstag, dem 4. M\u00e4rz, versammelten wir unsere Kunden, um die Schokolade zu verfeinern....","og_url":"https:\/\/www.bevanar-dorga.ch\/de\/ein-aussergewoehnlicher-workshop-rund-um-die-cluizel-schokolade\/","og_site_name":"Bevanar&amp;Dorga SA","article_published_time":"2025-03-15T09:15:27+00:00","article_modified_time":"2025-05-16T13:09:01+00:00","og_image":[{"width":586,"height":404,"url":"https:\/\/www.bevanar-dorga.ch\/wp\/wp-content\/uploads\/2025\/03\/Worshop_Cluizel.jpg","type":"image\/jpeg"}],"author":"Bevanar&amp;Dorga","twitter_card":"summary_large_image","twitter_misc":{"Written by":"Bevanar&amp;Dorga","Est. reading time":"4 minutes"},"schema":{"@context":"https:\/\/schema.org","@graph":[{"@type":"WebPage","@id":"https:\/\/www.bevanar-dorga.ch\/de\/ein-aussergewoehnlicher-workshop-rund-um-die-cluizel-schokolade\/","url":"https:\/\/www.bevanar-dorga.ch\/de\/ein-aussergewoehnlicher-workshop-rund-um-die-cluizel-schokolade\/","name":"Ein au\u00dfergew\u00f6hnlicher Workshop rund um die Cluizel-Schokolade! - Bevanar&amp;Dorga SA","isPartOf":{"@id":"https:\/\/www.bevanar-dorga.ch\/de\/#website"},"primaryImageOfPage":{"@id":"https:\/\/www.bevanar-dorga.ch\/de\/ein-aussergewoehnlicher-workshop-rund-um-die-cluizel-schokolade\/#primaryimage"},"image":{"@id":"https:\/\/www.bevanar-dorga.ch\/de\/ein-aussergewoehnlicher-workshop-rund-um-die-cluizel-schokolade\/#primaryimage"},"thumbnailUrl":"https:\/\/www.bevanar-dorga.ch\/wp\/wp-content\/uploads\/2025\/03\/Worshop_Cluizel.jpg","datePublished":"2025-03-15T09:15:27+00:00","dateModified":"2025-05-16T13:09:01+00:00","author":{"@id":"https:\/\/www.bevanar-dorga.ch\/de\/#\/schema\/person\/6c03e658c99cb99292595991c178e20d"},"breadcrumb":{"@id":"https:\/\/www.bevanar-dorga.ch\/de\/ein-aussergewoehnlicher-workshop-rund-um-die-cluizel-schokolade\/#breadcrumb"},"inLanguage":"de-DE","potentialAction":[{"@type":"ReadAction","target":["https:\/\/www.bevanar-dorga.ch\/de\/ein-aussergewoehnlicher-workshop-rund-um-die-cluizel-schokolade\/"]}]},{"@type":"ImageObject","inLanguage":"de-DE","@id":"https:\/\/www.bevanar-dorga.ch\/de\/ein-aussergewoehnlicher-workshop-rund-um-die-cluizel-schokolade\/#primaryimage","url":"https:\/\/www.bevanar-dorga.ch\/wp\/wp-content\/uploads\/2025\/03\/Worshop_Cluizel.jpg","contentUrl":"https:\/\/www.bevanar-dorga.ch\/wp\/wp-content\/uploads\/2025\/03\/Worshop_Cluizel.jpg","width":586,"height":404,"caption":"Workshop Cluizel-Schokoladen"},{"@type":"BreadcrumbList","@id":"https:\/\/www.bevanar-dorga.ch\/de\/ein-aussergewoehnlicher-workshop-rund-um-die-cluizel-schokolade\/#breadcrumb","itemListElement":[{"@type":"ListItem","position":1,"name":"Accueil","item":"https:\/\/www.bevanar-dorga.ch\/de\/accueil\/"},{"@type":"ListItem","position":2,"name":"Ein au\u00dfergew\u00f6hnlicher Workshop rund um die Cluizel-Schokolade!"}]},{"@type":"WebSite","@id":"https:\/\/www.bevanar-dorga.ch\/de\/#website","url":"https:\/\/www.bevanar-dorga.ch\/de\/","name":"Bevanar&amp;Dorga SA","description":"Votre partenaire Suisse pour les produits gastronomique","potentialAction":[{"@type":"SearchAction","target":{"@type":"EntryPoint","urlTemplate":"https:\/\/www.bevanar-dorga.ch\/de\/?s={search_term_string}"},"query-input":{"@type":"PropertyValueSpecification","valueRequired":true,"valueName":"search_term_string"}}],"inLanguage":"de-DE"},{"@type":"Person","@id":"https:\/\/www.bevanar-dorga.ch\/de\/#\/schema\/person\/6c03e658c99cb99292595991c178e20d","name":"Bevanar&amp;Dorga","image":{"@type":"ImageObject","inLanguage":"de-DE","@id":"https:\/\/www.bevanar-dorga.ch\/de\/#\/schema\/person\/image\/","url":"https:\/\/secure.gravatar.com\/avatar\/7ece48c39f2166fabcf4adacbc53b7c92538dcdd8af298ddbf4d24f06044ed46?s=96&d=mm&r=g","contentUrl":"https:\/\/secure.gravatar.com\/avatar\/7ece48c39f2166fabcf4adacbc53b7c92538dcdd8af298ddbf4d24f06044ed46?s=96&d=mm&r=g","caption":"Bevanar&amp;Dorga"},"url":"https:\/\/www.bevanar-dorga.ch\/de\/author\/bevanar-dorga\/"}]}},"_links":{"self":[{"href":"https:\/\/www.bevanar-dorga.ch\/de\/wp-json\/wp\/v2\/posts\/5786","targetHints":{"allow":["GET"]}}],"collection":[{"href":"https:\/\/www.bevanar-dorga.ch\/de\/wp-json\/wp\/v2\/posts"}],"about":[{"href":"https:\/\/www.bevanar-dorga.ch\/de\/wp-json\/wp\/v2\/types\/post"}],"author":[{"embeddable":true,"href":"https:\/\/www.bevanar-dorga.ch\/de\/wp-json\/wp\/v2\/users\/2"}],"replies":[{"embeddable":true,"href":"https:\/\/www.bevanar-dorga.ch\/de\/wp-json\/wp\/v2\/comments?post=5786"}],"version-history":[{"count":4,"href":"https:\/\/www.bevanar-dorga.ch\/de\/wp-json\/wp\/v2\/posts\/5786\/revisions"}],"predecessor-version":[{"id":6438,"href":"https:\/\/www.bevanar-dorga.ch\/de\/wp-json\/wp\/v2\/posts\/5786\/revisions\/6438"}],"wp:featuredmedia":[{"embeddable":true,"href":"https:\/\/www.bevanar-dorga.ch\/de\/wp-json\/wp\/v2\/media\/5738"}],"wp:attachment":[{"href":"https:\/\/www.bevanar-dorga.ch\/de\/wp-json\/wp\/v2\/media?parent=5786"}],"wp:term":[{"taxonomy":"category","embeddable":true,"href":"https:\/\/www.bevanar-dorga.ch\/de\/wp-json\/wp\/v2\/categories?post=5786"},{"taxonomy":"post_tag","embeddable":true,"href":"https:\/\/www.bevanar-dorga.ch\/de\/wp-json\/wp\/v2\/tags?post=5786"}],"curies":[{"name":"wp","href":"https:\/\/api.w.org\/{rel}","templated":true}]}}