{"id":5481,"date":"2025-03-03T10:12:54","date_gmt":"2025-03-03T09:12:54","guid":{"rendered":"https:\/\/www.bevanar-dorga.ch\/?p=5481"},"modified":"2025-05-16T15:11:02","modified_gmt":"2025-05-16T13:11:02","slug":"exklusive-neuheit-sal-de-menorca","status":"publish","type":"post","link":"https:\/\/www.bevanar-dorga.ch\/de\/exklusive-neuheit-sal-de-menorca\/","title":{"rendered":"Exklusive Neuheit: SAL DE MENORCA"},"content":{"rendered":"\n<style type=\"text\/css\" data-created_by=\"avia_inline_auto\" id=\"style-css-av-m7ngqbza-14d81011c28a91a851ff231ab6c419db\">\n.avia-accordion.av-m7ngqbza-14d81011c28a91a851ff231ab6c419db{\nmax-height:684px;\n}\n.avia-accordion.av-m7ngqbza-14d81011c28a91a851ff231ab6c419db .aviaccordion-preview{\nwidth:20.1%;\n}\n.avia-accordion .aviaccordion-slide.av-m7ngqbza-14d81011c28a91a851ff231ab6c419db__0{\nleft:0%;\n}\n.avia-accordion .aviaccordion-slide.av-m7ngqbza-14d81011c28a91a851ff231ab6c419db__1{\nleft:20%;\n}\n.avia-accordion .aviaccordion-slide.av-m7ngqbza-14d81011c28a91a851ff231ab6c419db__2{\nleft:40%;\n}\n.avia-accordion .aviaccordion-slide.av-m7ngqbza-14d81011c28a91a851ff231ab6c419db__3{\nleft:60%;\n}\n.avia-accordion .aviaccordion-slide.av-m7ngqbza-14d81011c28a91a851ff231ab6c419db__4{\nleft:80%;\n}\n<\/style>\n<div  id=\"accordion_slider_1\"  class='aviaccordion avia-accordion av-m7ngqbza-14d81011c28a91a851ff231ab6c419db aviaccordion-title-active av-slideshow-manual av-loop-once ' data-slideshow-options=\"{&quot;interval&quot;:5,&quot;autoplay&quot;:false,&quot;loop_autoplay&quot;:&quot;once&quot;}\"  itemscope=\"itemscope\" itemtype=\"https:\/\/schema.org\/Blog\" ><ul class=\"aviaccordion-inner\"><li class='aviaccordion-slide av-m7ngqbza-14d81011c28a91a851ff231ab6c419db__0 aviaccordion-slide-1' data-av-left='0'  itemscope=\"itemscope\" itemtype=\"https:\/\/schema.org\/BlogPosting\" itemprop=\"blogPost\" ><a class='aviaccordion-slide-link noHover' href=\"https:\/\/www.bevanar-dorga.ch\/wp\/wp-content\/uploads\/2025\/02\/Salines-de-la-Concepcion-1-824x1030.jpg\" data-srcset=\"https:\/\/www.bevanar-dorga.ch\/wp\/wp-content\/uploads\/2025\/02\/Salines-de-la-Concepcion-1-824x1030.jpg 824w, https:\/\/www.bevanar-dorga.ch\/wp\/wp-content\/uploads\/2025\/02\/Salines-de-la-Concepcion-1-240x300.jpg 240w, https:\/\/www.bevanar-dorga.ch\/wp\/wp-content\/uploads\/2025\/02\/Salines-de-la-Concepcion-1-768x960.jpg 768w, https:\/\/www.bevanar-dorga.ch\/wp\/wp-content\/uploads\/2025\/02\/Salines-de-la-Concepcion-1-564x705.jpg 564w, https:\/\/www.bevanar-dorga.ch\/wp\/wp-content\/uploads\/2025\/02\/Salines-de-la-Concepcion-1.jpg 1200w\" data-sizes=\"(max-width: 824px) 100vw, 824px\"  title=\"Salines de la Concepcion\" ><div class='aviaccordion-preview '><\/div><img decoding=\"async\" width=\"845\" height=\"684\" src=\"https:\/\/www.bevanar-dorga.ch\/wp\/wp-content\/uploads\/2025\/02\/Salines-de-la-Concepcion-1-845x684.jpg\" class=\"aviaccordion-image\" alt=\"\" srcset=\"https:\/\/www.bevanar-dorga.ch\/wp\/wp-content\/uploads\/2025\/02\/Salines-de-la-Concepcion-1-845x684.jpg 845w, https:\/\/www.bevanar-dorga.ch\/wp\/wp-content\/uploads\/2025\/02\/Salines-de-la-Concepcion-1-495x400.jpg 495w\" sizes=\"(max-width: 845px) 100vw, 845px\" \/><\/a><\/li><li class='aviaccordion-slide av-m7ngqbza-14d81011c28a91a851ff231ab6c419db__1 aviaccordion-slide-2' data-av-left='20'  itemscope=\"itemscope\" itemtype=\"https:\/\/schema.org\/BlogPosting\" itemprop=\"blogPost\" ><a class='aviaccordion-slide-link noHover' href=\"https:\/\/www.bevanar-dorga.ch\/wp\/wp-content\/uploads\/2025\/02\/Recolte-artisanale-a-la-main-824x1030.jpg\" data-srcset=\"https:\/\/www.bevanar-dorga.ch\/wp\/wp-content\/uploads\/2025\/02\/Recolte-artisanale-a-la-main-824x1030.jpg 824w, https:\/\/www.bevanar-dorga.ch\/wp\/wp-content\/uploads\/2025\/02\/Recolte-artisanale-a-la-main-240x300.jpg 240w, https:\/\/www.bevanar-dorga.ch\/wp\/wp-content\/uploads\/2025\/02\/Recolte-artisanale-a-la-main-768x960.jpg 768w, https:\/\/www.bevanar-dorga.ch\/wp\/wp-content\/uploads\/2025\/02\/Recolte-artisanale-a-la-main-564x705.jpg 564w, https:\/\/www.bevanar-dorga.ch\/wp\/wp-content\/uploads\/2025\/02\/Recolte-artisanale-a-la-main.jpg 1200w\" data-sizes=\"(max-width: 824px) 100vw, 824px\"  title=\"R\u00e9colte artisanale \u00e0 la main\" ><div class='aviaccordion-preview '><\/div><img decoding=\"async\" width=\"845\" height=\"684\" src=\"https:\/\/www.bevanar-dorga.ch\/wp\/wp-content\/uploads\/2025\/02\/Recolte-artisanale-a-la-main-845x684.jpg\" class=\"aviaccordion-image\" alt=\"\" srcset=\"https:\/\/www.bevanar-dorga.ch\/wp\/wp-content\/uploads\/2025\/02\/Recolte-artisanale-a-la-main-845x684.jpg 845w, https:\/\/www.bevanar-dorga.ch\/wp\/wp-content\/uploads\/2025\/02\/Recolte-artisanale-a-la-main-495x400.jpg 495w\" sizes=\"(max-width: 845px) 100vw, 845px\" \/><\/a><\/li><li class='aviaccordion-slide av-m7ngqbza-14d81011c28a91a851ff231ab6c419db__2 aviaccordion-slide-3' data-av-left='40'  itemscope=\"itemscope\" itemtype=\"https:\/\/schema.org\/BlogPosting\" itemprop=\"blogPost\" ><a class='aviaccordion-slide-link noHover' href=\"https:\/\/www.bevanar-dorga.ch\/wp\/wp-content\/uploads\/2025\/02\/Production-Responsable-824x1030.jpg\" data-srcset=\"https:\/\/www.bevanar-dorga.ch\/wp\/wp-content\/uploads\/2025\/02\/Production-Responsable-824x1030.jpg 824w, https:\/\/www.bevanar-dorga.ch\/wp\/wp-content\/uploads\/2025\/02\/Production-Responsable-240x300.jpg 240w, https:\/\/www.bevanar-dorga.ch\/wp\/wp-content\/uploads\/2025\/02\/Production-Responsable-768x960.jpg 768w, https:\/\/www.bevanar-dorga.ch\/wp\/wp-content\/uploads\/2025\/02\/Production-Responsable-564x705.jpg 564w, https:\/\/www.bevanar-dorga.ch\/wp\/wp-content\/uploads\/2025\/02\/Production-Responsable.jpg 1080w\" data-sizes=\"(max-width: 824px) 100vw, 824px\"  title=\"Production Responsable\" ><div class='aviaccordion-preview '><\/div><img decoding=\"async\" width=\"845\" height=\"684\" src=\"https:\/\/www.bevanar-dorga.ch\/wp\/wp-content\/uploads\/2025\/02\/Production-Responsable-845x684.jpg\" class=\"aviaccordion-image\" alt=\"\" srcset=\"https:\/\/www.bevanar-dorga.ch\/wp\/wp-content\/uploads\/2025\/02\/Production-Responsable-845x684.jpg 845w, https:\/\/www.bevanar-dorga.ch\/wp\/wp-content\/uploads\/2025\/02\/Production-Responsable-495x400.jpg 495w\" sizes=\"(max-width: 845px) 100vw, 845px\" \/><\/a><\/li><li class='aviaccordion-slide av-m7ngqbza-14d81011c28a91a851ff231ab6c419db__3 aviaccordion-slide-4' data-av-left='60'  itemscope=\"itemscope\" itemtype=\"https:\/\/schema.org\/BlogPosting\" itemprop=\"blogPost\" ><a class='aviaccordion-slide-link noHover' href=\"https:\/\/www.bevanar-dorga.ch\/wp\/wp-content\/uploads\/2025\/02\/Sal-de-Menorca-Fleur-de-sel-773x1030.jpeg\" data-srcset=\"https:\/\/www.bevanar-dorga.ch\/wp\/wp-content\/uploads\/2025\/02\/Sal-de-Menorca-Fleur-de-sel-773x1030.jpeg 773w, https:\/\/www.bevanar-dorga.ch\/wp\/wp-content\/uploads\/2025\/02\/Sal-de-Menorca-Fleur-de-sel-225x300.jpeg 225w, https:\/\/www.bevanar-dorga.ch\/wp\/wp-content\/uploads\/2025\/02\/Sal-de-Menorca-Fleur-de-sel-768x1024.jpeg 768w, https:\/\/www.bevanar-dorga.ch\/wp\/wp-content\/uploads\/2025\/02\/Sal-de-Menorca-Fleur-de-sel-529x705.jpeg 529w, https:\/\/www.bevanar-dorga.ch\/wp\/wp-content\/uploads\/2025\/02\/Sal-de-Menorca-Fleur-de-sel.jpeg 1000w\" data-sizes=\"(max-width: 773px) 100vw, 773px\"  title=\"Sal De Menorca Fleur De Sel\" ><div class='aviaccordion-preview '><\/div><img decoding=\"async\" width=\"845\" height=\"684\" src=\"https:\/\/www.bevanar-dorga.ch\/wp\/wp-content\/uploads\/2025\/02\/Sal-de-Menorca-Fleur-de-sel-845x684.jpeg\" class=\"aviaccordion-image\" alt=\"\" srcset=\"https:\/\/www.bevanar-dorga.ch\/wp\/wp-content\/uploads\/2025\/02\/Sal-de-Menorca-Fleur-de-sel-845x684.jpeg 845w, https:\/\/www.bevanar-dorga.ch\/wp\/wp-content\/uploads\/2025\/02\/Sal-de-Menorca-Fleur-de-sel-495x400.jpeg 495w\" sizes=\"(max-width: 845px) 100vw, 845px\" \/><\/a><\/li><li class='aviaccordion-slide av-m7ngqbza-14d81011c28a91a851ff231ab6c419db__4 aviaccordion-slide-5' data-av-left='80'  itemscope=\"itemscope\" itemtype=\"https:\/\/schema.org\/BlogPosting\" itemprop=\"blogPost\" ><a class='aviaccordion-slide-link noHover' href=\"https:\/\/www.bevanar-dorga.ch\/wp\/wp-content\/uploads\/2025\/02\/Emballage-certifie-FSC-824x1030.jpg\" data-srcset=\"https:\/\/www.bevanar-dorga.ch\/wp\/wp-content\/uploads\/2025\/02\/Emballage-certifie-FSC-824x1030.jpg 824w, https:\/\/www.bevanar-dorga.ch\/wp\/wp-content\/uploads\/2025\/02\/Emballage-certifie-FSC-240x300.jpg 240w, https:\/\/www.bevanar-dorga.ch\/wp\/wp-content\/uploads\/2025\/02\/Emballage-certifie-FSC-768x960.jpg 768w, https:\/\/www.bevanar-dorga.ch\/wp\/wp-content\/uploads\/2025\/02\/Emballage-certifie-FSC-564x705.jpg 564w, https:\/\/www.bevanar-dorga.ch\/wp\/wp-content\/uploads\/2025\/02\/Emballage-certifie-FSC.jpg 1200w\" data-sizes=\"(max-width: 824px) 100vw, 824px\"  title=\"Emballage certifi\u00e9 FSC\" ><div class='aviaccordion-preview '><\/div><img decoding=\"async\" width=\"845\" height=\"684\" src=\"https:\/\/www.bevanar-dorga.ch\/wp\/wp-content\/uploads\/2025\/02\/Emballage-certifie-FSC-845x684.jpg\" class=\"aviaccordion-image\" alt=\"\" srcset=\"https:\/\/www.bevanar-dorga.ch\/wp\/wp-content\/uploads\/2025\/02\/Emballage-certifie-FSC-845x684.jpg 845w, https:\/\/www.bevanar-dorga.ch\/wp\/wp-content\/uploads\/2025\/02\/Emballage-certifie-FSC-495x400.jpg 495w\" sizes=\"(max-width: 845px) 100vw, 845px\" \/><\/a><\/li><\/ul><div class='aviaccordion-spacer' style='padding-bottom:80.94674556213%'><\/div><\/div>\n<section  class='av_textblock_section av-m6t9zimb-e0074d3f000de1aafb8f190d3e893588 '   itemscope=\"itemscope\" itemtype=\"https:\/\/schema.org\/BlogPosting\" itemprop=\"blogPost\" ><div class='avia_textblock'  itemprop=\"text\" ><h3><\/h3>\n<h3><\/h3>\n<h1 style=\"text-align: center;\">Mehr als ein Salz, es ist die Seele Menorcas<\/h1>\n<p>In diesem Monat freuen wir uns, einen neuen Schatz in unserem Sortiment begr\u00fc\u00dfen zu d\u00fcrfen: <strong>Sal de Menorca<\/strong>, das einzigartige Fleur <strong>de<\/strong> Sel, das auf der Insel Menorca geerntet wird, die von der UNESCO zum Biosph\u00e4renreservat erkl\u00e4rt wurde.<br \/>\n<strong>Die Salinen von La Concepci\u00f3n<\/strong> liegen im Herzen des Naturschutzgebietes der Nordk\u00fcste und sind von einem \u00d6kosystem bewohnt, das reich an Fauna (Flamingos) und Flora (Salicornia) ist.<br \/>\nDiese unber\u00fchrte Landschaft bringt ein au\u00dfergew\u00f6hnliches, nat\u00fcrliches und umweltfreundliches Produkt hervor.<\/p>\n<h3><img decoding=\"async\" class=\"wp-image-5376 alignnone aligncenter\" src=\"https:\/\/www.bevanar-dorga.ch\/wp\/wp-content\/uploads\/2025\/02\/Salines-Sal-de-Menorca-1-1030x515.jpg\" alt=\"\" width=\"700\" height=\"350\" srcset=\"https:\/\/www.bevanar-dorga.ch\/wp\/wp-content\/uploads\/2025\/02\/Salines-Sal-de-Menorca-1-1030x515.jpg 1030w, https:\/\/www.bevanar-dorga.ch\/wp\/wp-content\/uploads\/2025\/02\/Salines-Sal-de-Menorca-1-300x150.jpg 300w, https:\/\/www.bevanar-dorga.ch\/wp\/wp-content\/uploads\/2025\/02\/Salines-Sal-de-Menorca-1-768x384.jpg 768w, https:\/\/www.bevanar-dorga.ch\/wp\/wp-content\/uploads\/2025\/02\/Salines-Sal-de-Menorca-1-1536x768.jpg 1536w, https:\/\/www.bevanar-dorga.ch\/wp\/wp-content\/uploads\/2025\/02\/Salines-Sal-de-Menorca-1-1500x750.jpg 1500w, https:\/\/www.bevanar-dorga.ch\/wp\/wp-content\/uploads\/2025\/02\/Salines-Sal-de-Menorca-1-705x353.jpg 705w, https:\/\/www.bevanar-dorga.ch\/wp\/wp-content\/uploads\/2025\/02\/Salines-Sal-de-Menorca-1.jpg 2000w\" sizes=\"(max-width: 700px) 100vw, 700px\" \/><\/h3>\n<h3><strong>Warum ist dieses Salz au\u00dfergew\u00f6hnlich?<\/strong><\/h3>\n<p>\u2714 Es wird aus der einzigen aktiven Saline auf der Insel Menorca gewonnen, in einem gesch\u00fctzten \u00d6kosystem, das Reinheit und Qualit\u00e4t des Salzes garantiert.<\/p>\n<p>\u2714 Er wird nach \u00fcberliefertem Wissen von Hand geerntet, um die Integrit\u00e4t des Produkts zu bewahren.<\/p>\n<p>\u2714 Die Produktion wird ausschlie\u00dflich vom Meer, der Sonne und dem Wind bestimmt, ohne Verwendung von fossilen Energietr\u00e4gern, Plastik oder Zusatzstoffen. Die Verpackung wird in Europa mit FSC-zertifiziertem Papier hergestellt.<\/p>\n<p>\u2714 Es ist von einzigartiger, delikater Geschmacksqualit\u00e4t mit +80 Mineralien und Spurenelementen. Weniger Salzgehalt (95%) als Industriesalz, aber mehr salziger Geschmack.<\/p>\n<p>Er ist ab sofort in verschiedenen Gr\u00f6\u00dfen und Variationen erh\u00e4ltlich: naturbelassen, mit menorquinischen Kr\u00e4utern, w\u00fcrzig oder ger\u00e4uchert sowie in professionellen Verpackungen.<br \/>\n<strong>Neuheiten, die Sie exklusiv bei Bevanar &amp; Dorga entdecken k\u00f6nnen. <\/strong><br \/>\nF\u00fcr weitere Informationen wenden Sie sich bitte an uns.<\/p>\n<h3><\/h3>\n<h3><\/h3>\n<h3><\/h3>\n<h3><\/h3>\n<h3><\/h3>\n<h3><\/h3>\n<h3><\/h3>\n<h3><\/h3>\n<h3><\/h3>\n<h3><\/h3>\n<h3><\/h3>\n<h3><\/h3>\n<h3><\/h3>\n<h3><\/h3>\n<h3><\/h3>\n<h3><\/h3>\n<h3><\/h3>\n<h3><\/h3>\n<h3><\/h3>\n<h3><\/h3>\n<h3><\/h3>\n<\/div><\/section>\n                    <div class=\"tris-slider  trs-nouveautes\" data-columns=\"4\" data-breakpoints=\"[{&quot;breakpoint_size&quot;:1300,&quot;breakpoint_columns&quot;:&quot;3&quot;},{&quot;breakpoint_size&quot;:989,&quot;breakpoint_columns&quot;:&quot;2&quot;},{&quot;breakpoint_size&quot;:767,&quot;breakpoint_columns&quot;:&quot;1&quot;},{&quot;breakpoint_size&quot;:479,&quot;breakpoint_columns&quot;:&quot;1&quot;}]\">\n                        \t\t\t\t\t\t\t\t<article class=\"trs-slide\" itemscope=\"itemscope\" itemtype=\"https:\/\/schema.org\/CreativeWork\">\n\t\t\t\t\t\t\t\t\t<span data-rel=\"slide-1\" class=\"slide-image\" title=\"Nat\u00fcrliches Fleur de Sel, Sal de Menorca\">\n\t\t\t\t\t\t\t\t\t\t<a target=\"_blank\" href=\"https:\/\/www.bevanar-dorga.ch\/sal-de-menorca\/\" rel=\"noopener\">\t\t\t\t\t\t\t\t\t\t<img decoding=\"async\" fetchpriority=\"high\" \n\t\t\t\t\t\t\t\t\t\t\t width=\"1080\" \n\t\t\t\t\t\t\t\t\t\t\t height=\"1080\" \n\t\t\t\t\t\t\t\t\t\t\t src=\"https:\/\/www.bevanar-dorga.ch\/wp\/wp-content\/uploads\/2025\/03\/100145-Fleur-de-Sel-Naturelle-Sal-de-Menorca-2.png\" \n\t\t\t\t\t\t\t\t\t\t\t class=\"wp-image-5622 avia-img-lazy-loading-not-5622 attachment-masonry size-masonry wp-post-image\" \n\t\t\t\t\t\t\t\t\t\t\t alt=\"\" \n\t\t\t\t\t\t\t\t\t\t\t srcset=\"https:\/\/www.bevanar-dorga.ch\/wp\/wp-content\/uploads\/2025\/03\/100145-Fleur-de-Sel-Naturelle-Sal-de-Menorca-2-705x705.png 705w, https:\/\/www.bevanar-dorga.ch\/wp\/wp-content\/uploads\/2025\/03\/100145-Fleur-de-Sel-Naturelle-Sal-de-Menorca-2-300x300.png 300w, https:\/\/www.bevanar-dorga.ch\/wp\/wp-content\/uploads\/2025\/03\/100145-Fleur-de-Sel-Naturelle-Sal-de-Menorca-2-1030x1030.png 1030w, https:\/\/www.bevanar-dorga.ch\/wp\/wp-content\/uploads\/2025\/03\/100145-Fleur-de-Sel-Naturelle-Sal-de-Menorca-2-80x80.png 80w, https:\/\/www.bevanar-dorga.ch\/wp\/wp-content\/uploads\/2025\/03\/100145-Fleur-de-Sel-Naturelle-Sal-de-Menorca-2-768x768.png 768w, https:\/\/www.bevanar-dorga.ch\/wp\/wp-content\/uploads\/2025\/03\/100145-Fleur-de-Sel-Naturelle-Sal-de-Menorca-2-36x36.png 36w, https:\/\/www.bevanar-dorga.ch\/wp\/wp-content\/uploads\/2025\/03\/100145-Fleur-de-Sel-Naturelle-Sal-de-Menorca-2-180x180.png 180w, https:\/\/www.bevanar-dorga.ch\/wp\/wp-content\/uploads\/2025\/03\/100145-Fleur-de-Sel-Naturelle-Sal-de-Menorca-2.png 1080w\" \n\t\t\t\t\t\t\t\t\t\t\t sizes=\"(max-width: 705px) 100vw, 705px\">\n\t\t\t\t\t\t\t\t\t\t<\/a>\t\t\t\t\t\t\t\t\t<\/span>\n\t\t\t\t\t\t\t\t\t<div class=\"slide-content\">\n\t\t\t\t\t\t\t\t\t\t<header class=\"entry-content-header\" aria-label=\"Slide: Nat\u00fcrliches Fleur de Sel, Sal de Menorca\">\n\t\t\t\t\t\t\t\t\t\t\t<h3 class=\"slide-entry-title entry-title\" itemprop=\"headline\">\n\t\t\t\t\t\t\t\t\t\t\t\t<a target=\"_blank\" href=\"https:\/\/www.bevanar-dorga.ch\/sal-de-menorca\/\" rel=\"noopener\">Nat\u00fcrliches Fleur de Sel, Sal de Menorca<\/a>\t\t\t\t\t\t\t\t\t\t\t<\/h3>\n\t\t\t\t\t\t\t\t\t\t\t<span class=\"av-vertical-delimiter\"><\/span>\n\t\t\t\t\t\t\t\t\t\t<\/header>\n\t\t\t\t\t\t\t\t\t\t<div class=\"slide-meta\">\n\t\t\t\t\t\t\t\t\t\t\t<time class=\"slide-meta-time updated\" itemprop=\"datePublished\" datetime=\"2025-03-03T08:58:23+01:00\">3 March 2025<\/time>\n\t\t\t\t\t\t\t\t\t\t<\/div>\n\t\t\t\t\t\t\t\t\t\t<div class=\"slide-entry-excerpt entry-content\" itemprop=\"text\">Dose 150 g - Art.-Nr. 100145<\/div>\n\t\t\t\t\t\t\t\t\t\t<a class=\"link_more\" target=\"_blank\" href=\"https:\/\/www.bevanar-dorga.ch\/sal-de-menorca\/\" rel=\"noopener\">Mehr erfahren<\/a>\t\t\t\t\t\t\t\t\t<\/div>\n\t\t\t\t\t\t\t\t\t<footer class=\"entry-footer\"><\/footer>\n\t\t\t\t\t\t\t\t\t<span class=\"hidden\">\n\t\t\t\t\t\t\t\t\t\t<span class=\"av-structured-data\" itemprop=\"image\" itemscope=\"itemscope\" itemtype=\"https:\/\/schema.org\/ImageObject\">\n\t\t\t\t\t\t\t\t\t\t\t<span itemprop=\"url\">https:\/\/www.bevanar-dorga.ch\/wp\/wp-content\/uploads\/2025\/03\/100145-Fleur-de-Sel-Naturelle-Sal-de-Menorca-2.png<\/span>\n\t\t\t\t\t\t\t\t\t\t\t<span itemprop=\"height\">1080<\/span>\n\t\t\t\t\t\t\t\t\t\t\t<span itemprop=\"width\">1080<\/span>\n\t\t\t\t\t\t\t\t\t\t<\/span>\n\t\t\t\t\t\t\t\t\t\t<span class=\"av-structured-data\" itemprop=\"publisher\" itemscope=\"itemscope\" itemtype=\"https:\/\/schema.org\/Organization\">\n\t\t\t\t\t\t\t\t\t\t\t<span itemprop=\"name\">Bevanar&amp;Dorga SA<\/span>\n\t\t\t\t\t\t\t\t\t\t\t<span itemprop=\"logo\" itemscope=\"\" itemtype=\"https:\/\/schema.org\/ImageObject\">\n\t\t\t\t\t\t\t\t\t\t\t\t\t\t\t\t\t\t\t\t\t\t\t\t<span itemprop=\"url\"><\/span>\n\t\t\t\t\t\t\t\t\t\t\t<\/span>\n\t\t\t\t\t\t\t\t\t\t<\/span>\n\t\t\t\t\t\t\t\t\t\t<span class=\"av-structured-data\" itemprop=\"author\" itemscope=\"itemscope\" itemtype=\"https:\/\/schema.org\/Person\"><span itemprop=\"name\">Bevanar&#38;Dorga<\/span><\/span>\n\t\t\t\t\t\t\t\t\t\t<span class=\"av-structured-data\" itemprop=\"datePublished\" datetime=\"2025-03-03T08:58:23+01:00\">3 March 2025<\/span>\n\t\t\t\t\t\t\t\t\t\t<span class=\"av-structured-data\" itemprop=\"dateModified\">2025-07-01T08:54:38+02:00<\/span>\n\t\t\t\t\t\t\t\t\t\t<span class=\"av-structured-data\" itemprop=\"mainEntityOfPage\"><span itemprop=\"name\">Nat\u00fcrliches Fleur de Sel, Sal de Menorca<\/span><\/span>\n\t\t\t\t\t\t\t\t\t<\/span>\n\t\t\t\t\t\t\t\t<\/article>\n\t\t\t\t\t\t\t\t\t\t\t\t\t\t\t\t<article class=\"trs-slide\" itemscope=\"itemscope\" itemtype=\"https:\/\/schema.org\/CreativeWork\">\n\t\t\t\t\t\t\t\t\t<span data-rel=\"slide-2\" class=\"slide-image\" title=\"Nat\u00fcrliches Meersalz, Sal de Menorca\">\n\t\t\t\t\t\t\t\t\t\t\t\t\t\t\t\t\t\t\t\t<img decoding=\"async\" fetchpriority=\"high\" \n\t\t\t\t\t\t\t\t\t\t\t width=\"1080\" \n\t\t\t\t\t\t\t\t\t\t\t height=\"1080\" \n\t\t\t\t\t\t\t\t\t\t\t src=\"https:\/\/www.bevanar-dorga.ch\/wp\/wp-content\/uploads\/2025\/03\/100154-Sel-Marin-Sal-de-Menorca.png\" \n\t\t\t\t\t\t\t\t\t\t\t class=\"wp-image-5638 avia-img-lazy-loading-not-5638 attachment-masonry size-masonry wp-post-image\" \n\t\t\t\t\t\t\t\t\t\t\t alt=\"\" \n\t\t\t\t\t\t\t\t\t\t\t srcset=\"https:\/\/www.bevanar-dorga.ch\/wp\/wp-content\/uploads\/2025\/03\/100154-Sel-Marin-Sal-de-Menorca-705x705.png 705w, https:\/\/www.bevanar-dorga.ch\/wp\/wp-content\/uploads\/2025\/03\/100154-Sel-Marin-Sal-de-Menorca-300x300.png 300w, https:\/\/www.bevanar-dorga.ch\/wp\/wp-content\/uploads\/2025\/03\/100154-Sel-Marin-Sal-de-Menorca-1030x1030.png 1030w, https:\/\/www.bevanar-dorga.ch\/wp\/wp-content\/uploads\/2025\/03\/100154-Sel-Marin-Sal-de-Menorca-80x80.png 80w, https:\/\/www.bevanar-dorga.ch\/wp\/wp-content\/uploads\/2025\/03\/100154-Sel-Marin-Sal-de-Menorca-768x768.png 768w, https:\/\/www.bevanar-dorga.ch\/wp\/wp-content\/uploads\/2025\/03\/100154-Sel-Marin-Sal-de-Menorca-36x36.png 36w, https:\/\/www.bevanar-dorga.ch\/wp\/wp-content\/uploads\/2025\/03\/100154-Sel-Marin-Sal-de-Menorca-180x180.png 180w, https:\/\/www.bevanar-dorga.ch\/wp\/wp-content\/uploads\/2025\/03\/100154-Sel-Marin-Sal-de-Menorca.png 1080w\" \n\t\t\t\t\t\t\t\t\t\t\t sizes=\"(max-width: 705px) 100vw, 705px\">\n\t\t\t\t\t\t\t\t\t\t\t\t\t\t\t\t\t\t\t<\/span>\n\t\t\t\t\t\t\t\t\t<div class=\"slide-content\">\n\t\t\t\t\t\t\t\t\t\t<header class=\"entry-content-header\" aria-label=\"Slide: Nat\u00fcrliches Meersalz, Sal de Menorca\">\n\t\t\t\t\t\t\t\t\t\t\t<h3 class=\"slide-entry-title entry-title\" itemprop=\"headline\">\n\t\t\t\t\t\t\t\t\t\t\t\tNat\u00fcrliches Meersalz, Sal de Menorca\t\t\t\t\t\t\t\t\t\t\t<\/h3>\n\t\t\t\t\t\t\t\t\t\t\t<span class=\"av-vertical-delimiter\"><\/span>\n\t\t\t\t\t\t\t\t\t\t<\/header>\n\t\t\t\t\t\t\t\t\t\t<div class=\"slide-meta\">\n\t\t\t\t\t\t\t\t\t\t\t<time class=\"slide-meta-time updated\" itemprop=\"datePublished\" datetime=\"2025-03-03T08:58:08+01:00\">3 March 2025<\/time>\n\t\t\t\t\t\t\t\t\t\t<\/div>\n\t\t\t\t\t\t\t\t\t\t<div class=\"slide-entry-excerpt entry-content\" itemprop=\"text\">Dose 1 kg - Art.-Nr. 100154<\/div>\n\t\t\t\t\t\t\t\t\t\t\t\t\t\t\t\t\t\t\t<\/div>\n\t\t\t\t\t\t\t\t\t<footer class=\"entry-footer\"><\/footer>\n\t\t\t\t\t\t\t\t\t<span class=\"hidden\">\n\t\t\t\t\t\t\t\t\t\t<span class=\"av-structured-data\" itemprop=\"image\" itemscope=\"itemscope\" itemtype=\"https:\/\/schema.org\/ImageObject\">\n\t\t\t\t\t\t\t\t\t\t\t<span itemprop=\"url\">https:\/\/www.bevanar-dorga.ch\/wp\/wp-content\/uploads\/2025\/03\/100154-Sel-Marin-Sal-de-Menorca.png<\/span>\n\t\t\t\t\t\t\t\t\t\t\t<span itemprop=\"height\">1080<\/span>\n\t\t\t\t\t\t\t\t\t\t\t<span itemprop=\"width\">1080<\/span>\n\t\t\t\t\t\t\t\t\t\t<\/span>\n\t\t\t\t\t\t\t\t\t\t<span class=\"av-structured-data\" itemprop=\"publisher\" itemscope=\"itemscope\" itemtype=\"https:\/\/schema.org\/Organization\">\n\t\t\t\t\t\t\t\t\t\t\t<span itemprop=\"name\">Bevanar&amp;Dorga SA<\/span>\n\t\t\t\t\t\t\t\t\t\t\t<span itemprop=\"logo\" itemscope=\"\" itemtype=\"https:\/\/schema.org\/ImageObject\">\n\t\t\t\t\t\t\t\t\t\t\t\t\t\t\t\t\t\t\t\t\t\t\t\t<span itemprop=\"url\"><\/span>\n\t\t\t\t\t\t\t\t\t\t\t<\/span>\n\t\t\t\t\t\t\t\t\t\t<\/span>\n\t\t\t\t\t\t\t\t\t\t<span class=\"av-structured-data\" itemprop=\"author\" itemscope=\"itemscope\" itemtype=\"https:\/\/schema.org\/Person\"><span itemprop=\"name\">Bevanar&#38;Dorga<\/span><\/span>\n\t\t\t\t\t\t\t\t\t\t<span class=\"av-structured-data\" itemprop=\"datePublished\" datetime=\"2025-03-03T08:58:08+01:00\">3 March 2025<\/span>\n\t\t\t\t\t\t\t\t\t\t<span class=\"av-structured-data\" itemprop=\"dateModified\">2025-05-01T12:11:54+02:00<\/span>\n\t\t\t\t\t\t\t\t\t\t<span class=\"av-structured-data\" itemprop=\"mainEntityOfPage\"><span itemprop=\"name\">Nat\u00fcrliches Meersalz, Sal de Menorca<\/span><\/span>\n\t\t\t\t\t\t\t\t\t<\/span>\n\t\t\t\t\t\t\t\t<\/article>\n\t\t\t\t\t\t\t\t\t\t\t\t\t\t\t\t<article class=\"trs-slide\" itemscope=\"itemscope\" itemtype=\"https:\/\/schema.org\/CreativeWork\">\n\t\t\t\t\t\t\t\t\t<span data-rel=\"slide-3\" class=\"slide-image\" title=\"Fleur de Sel Fum\u00e9, Sal de Menorca\">\n\t\t\t\t\t\t\t\t\t\t\t\t\t\t\t\t\t\t\t\t<img decoding=\"async\" fetchpriority=\"high\" \n\t\t\t\t\t\t\t\t\t\t\t width=\"1080\" \n\t\t\t\t\t\t\t\t\t\t\t height=\"1080\" \n\t\t\t\t\t\t\t\t\t\t\t src=\"https:\/\/www.bevanar-dorga.ch\/wp\/wp-content\/uploads\/2025\/02\/100153-Fleur-de-Sel-Fumee-Sal-de-Menorca.png\" \n\t\t\t\t\t\t\t\t\t\t\t class=\"wp-image-5641 avia-img-lazy-loading-not-5641 attachment-masonry size-masonry wp-post-image\" \n\t\t\t\t\t\t\t\t\t\t\t alt=\"\" \n\t\t\t\t\t\t\t\t\t\t\t srcset=\"https:\/\/www.bevanar-dorga.ch\/wp\/wp-content\/uploads\/2025\/02\/100153-Fleur-de-Sel-Fumee-Sal-de-Menorca-705x705.png 705w, https:\/\/www.bevanar-dorga.ch\/wp\/wp-content\/uploads\/2025\/02\/100153-Fleur-de-Sel-Fumee-Sal-de-Menorca-300x300.png 300w, https:\/\/www.bevanar-dorga.ch\/wp\/wp-content\/uploads\/2025\/02\/100153-Fleur-de-Sel-Fumee-Sal-de-Menorca-1030x1030.png 1030w, https:\/\/www.bevanar-dorga.ch\/wp\/wp-content\/uploads\/2025\/02\/100153-Fleur-de-Sel-Fumee-Sal-de-Menorca-80x80.png 80w, https:\/\/www.bevanar-dorga.ch\/wp\/wp-content\/uploads\/2025\/02\/100153-Fleur-de-Sel-Fumee-Sal-de-Menorca-768x768.png 768w, https:\/\/www.bevanar-dorga.ch\/wp\/wp-content\/uploads\/2025\/02\/100153-Fleur-de-Sel-Fumee-Sal-de-Menorca-36x36.png 36w, https:\/\/www.bevanar-dorga.ch\/wp\/wp-content\/uploads\/2025\/02\/100153-Fleur-de-Sel-Fumee-Sal-de-Menorca-180x180.png 180w, https:\/\/www.bevanar-dorga.ch\/wp\/wp-content\/uploads\/2025\/02\/100153-Fleur-de-Sel-Fumee-Sal-de-Menorca.png 1080w\" \n\t\t\t\t\t\t\t\t\t\t\t sizes=\"(max-width: 705px) 100vw, 705px\">\n\t\t\t\t\t\t\t\t\t\t\t\t\t\t\t\t\t\t\t<\/span>\n\t\t\t\t\t\t\t\t\t<div class=\"slide-content\">\n\t\t\t\t\t\t\t\t\t\t<header class=\"entry-content-header\" aria-label=\"Slide: Fleur de Sel Fum\u00e9, Sal de Menorca\">\n\t\t\t\t\t\t\t\t\t\t\t<h3 class=\"slide-entry-title entry-title\" itemprop=\"headline\">\n\t\t\t\t\t\t\t\t\t\t\t\tFleur de Sel Fum\u00e9, Sal de Menorca\t\t\t\t\t\t\t\t\t\t\t<\/h3>\n\t\t\t\t\t\t\t\t\t\t\t<span class=\"av-vertical-delimiter\"><\/span>\n\t\t\t\t\t\t\t\t\t\t<\/header>\n\t\t\t\t\t\t\t\t\t\t<div class=\"slide-meta\">\n\t\t\t\t\t\t\t\t\t\t\t<time class=\"slide-meta-time updated\" itemprop=\"datePublished\" datetime=\"2025-02-28T12:31:55+01:00\">28 February 2025<\/time>\n\t\t\t\t\t\t\t\t\t\t<\/div>\n\t\t\t\t\t\t\t\t\t\t<div class=\"slide-entry-excerpt entry-content\" itemprop=\"text\">Dose 125 g - Ref. 100153 <\/div>\n\t\t\t\t\t\t\t\t\t\t\t\t\t\t\t\t\t\t\t<\/div>\n\t\t\t\t\t\t\t\t\t<footer class=\"entry-footer\"><\/footer>\n\t\t\t\t\t\t\t\t\t<span class=\"hidden\">\n\t\t\t\t\t\t\t\t\t\t<span class=\"av-structured-data\" itemprop=\"image\" itemscope=\"itemscope\" itemtype=\"https:\/\/schema.org\/ImageObject\">\n\t\t\t\t\t\t\t\t\t\t\t<span itemprop=\"url\">https:\/\/www.bevanar-dorga.ch\/wp\/wp-content\/uploads\/2025\/02\/100153-Fleur-de-Sel-Fumee-Sal-de-Menorca.png<\/span>\n\t\t\t\t\t\t\t\t\t\t\t<span itemprop=\"height\">1080<\/span>\n\t\t\t\t\t\t\t\t\t\t\t<span itemprop=\"width\">1080<\/span>\n\t\t\t\t\t\t\t\t\t\t<\/span>\n\t\t\t\t\t\t\t\t\t\t<span class=\"av-structured-data\" itemprop=\"publisher\" itemscope=\"itemscope\" itemtype=\"https:\/\/schema.org\/Organization\">\n\t\t\t\t\t\t\t\t\t\t\t<span itemprop=\"name\">Bevanar&amp;Dorga SA<\/span>\n\t\t\t\t\t\t\t\t\t\t\t<span itemprop=\"logo\" itemscope=\"\" itemtype=\"https:\/\/schema.org\/ImageObject\">\n\t\t\t\t\t\t\t\t\t\t\t\t\t\t\t\t\t\t\t\t\t\t\t\t<span itemprop=\"url\"><\/span>\n\t\t\t\t\t\t\t\t\t\t\t<\/span>\n\t\t\t\t\t\t\t\t\t\t<\/span>\n\t\t\t\t\t\t\t\t\t\t<span class=\"av-structured-data\" itemprop=\"author\" itemscope=\"itemscope\" itemtype=\"https:\/\/schema.org\/Person\"><span itemprop=\"name\">Bevanar&#38;Dorga<\/span><\/span>\n\t\t\t\t\t\t\t\t\t\t<span class=\"av-structured-data\" itemprop=\"datePublished\" datetime=\"2025-02-28T12:31:55+01:00\">28 February 2025<\/span>\n\t\t\t\t\t\t\t\t\t\t<span class=\"av-structured-data\" itemprop=\"dateModified\">2025-02-28T12:31:55+01:00<\/span>\n\t\t\t\t\t\t\t\t\t\t<span class=\"av-structured-data\" itemprop=\"mainEntityOfPage\"><span itemprop=\"name\">Fleur de Sel Fum\u00e9, Sal de Menorca<\/span><\/span>\n\t\t\t\t\t\t\t\t\t<\/span>\n\t\t\t\t\t\t\t\t<\/article>\n\t\t\t\t\t\t\t\t\t\t\t\t\t\t\t\t<article class=\"trs-slide\" itemscope=\"itemscope\" itemtype=\"https:\/\/schema.org\/CreativeWork\">\n\t\t\t\t\t\t\t\t\t<span data-rel=\"slide-4\" class=\"slide-image\" title=\"Gew\u00fcrztes Fleur de Sel, Sal de Menorca\">\n\t\t\t\t\t\t\t\t\t\t\t\t\t\t\t\t\t\t\t\t<img decoding=\"async\" fetchpriority=\"high\" \n\t\t\t\t\t\t\t\t\t\t\t width=\"1080\" \n\t\t\t\t\t\t\t\t\t\t\t height=\"1080\" \n\t\t\t\t\t\t\t\t\t\t\t src=\"https:\/\/www.bevanar-dorga.ch\/wp\/wp-content\/uploads\/2025\/02\/100152-Fleur-de-Sel-Epicee-Sal-de-Menorca.png\" \n\t\t\t\t\t\t\t\t\t\t\t class=\"wp-image-5635 avia-img-lazy-loading-not-5635 attachment-masonry size-masonry wp-post-image\" \n\t\t\t\t\t\t\t\t\t\t\t alt=\"\" \n\t\t\t\t\t\t\t\t\t\t\t srcset=\"https:\/\/www.bevanar-dorga.ch\/wp\/wp-content\/uploads\/2025\/02\/100152-Fleur-de-Sel-Epicee-Sal-de-Menorca-705x705.png 705w, https:\/\/www.bevanar-dorga.ch\/wp\/wp-content\/uploads\/2025\/02\/100152-Fleur-de-Sel-Epicee-Sal-de-Menorca-300x300.png 300w, https:\/\/www.bevanar-dorga.ch\/wp\/wp-content\/uploads\/2025\/02\/100152-Fleur-de-Sel-Epicee-Sal-de-Menorca-1030x1030.png 1030w, https:\/\/www.bevanar-dorga.ch\/wp\/wp-content\/uploads\/2025\/02\/100152-Fleur-de-Sel-Epicee-Sal-de-Menorca-80x80.png 80w, https:\/\/www.bevanar-dorga.ch\/wp\/wp-content\/uploads\/2025\/02\/100152-Fleur-de-Sel-Epicee-Sal-de-Menorca-768x768.png 768w, https:\/\/www.bevanar-dorga.ch\/wp\/wp-content\/uploads\/2025\/02\/100152-Fleur-de-Sel-Epicee-Sal-de-Menorca-36x36.png 36w, https:\/\/www.bevanar-dorga.ch\/wp\/wp-content\/uploads\/2025\/02\/100152-Fleur-de-Sel-Epicee-Sal-de-Menorca-180x180.png 180w, https:\/\/www.bevanar-dorga.ch\/wp\/wp-content\/uploads\/2025\/02\/100152-Fleur-de-Sel-Epicee-Sal-de-Menorca.png 1080w\" \n\t\t\t\t\t\t\t\t\t\t\t sizes=\"(max-width: 705px) 100vw, 705px\">\n\t\t\t\t\t\t\t\t\t\t\t\t\t\t\t\t\t\t\t<\/span>\n\t\t\t\t\t\t\t\t\t<div class=\"slide-content\">\n\t\t\t\t\t\t\t\t\t\t<header class=\"entry-content-header\" aria-label=\"Slide: Gew\u00fcrztes Fleur de Sel, Sal de Menorca\">\n\t\t\t\t\t\t\t\t\t\t\t<h3 class=\"slide-entry-title entry-title\" itemprop=\"headline\">\n\t\t\t\t\t\t\t\t\t\t\t\tGew\u00fcrztes Fleur de Sel, Sal de Menorca\t\t\t\t\t\t\t\t\t\t\t<\/h3>\n\t\t\t\t\t\t\t\t\t\t\t<span class=\"av-vertical-delimiter\"><\/span>\n\t\t\t\t\t\t\t\t\t\t<\/header>\n\t\t\t\t\t\t\t\t\t\t<div class=\"slide-meta\">\n\t\t\t\t\t\t\t\t\t\t\t<time class=\"slide-meta-time updated\" itemprop=\"datePublished\" datetime=\"2025-02-28T12:30:42+01:00\">28 February 2025<\/time>\n\t\t\t\t\t\t\t\t\t\t<\/div>\n\t\t\t\t\t\t\t\t\t\t<div class=\"slide-entry-excerpt entry-content\" itemprop=\"text\">Dose 125 g - Ref. 100152 <\/div>\n\t\t\t\t\t\t\t\t\t\t\t\t\t\t\t\t\t\t\t<\/div>\n\t\t\t\t\t\t\t\t\t<footer class=\"entry-footer\"><\/footer>\n\t\t\t\t\t\t\t\t\t<span class=\"hidden\">\n\t\t\t\t\t\t\t\t\t\t<span class=\"av-structured-data\" itemprop=\"image\" itemscope=\"itemscope\" itemtype=\"https:\/\/schema.org\/ImageObject\">\n\t\t\t\t\t\t\t\t\t\t\t<span itemprop=\"url\">https:\/\/www.bevanar-dorga.ch\/wp\/wp-content\/uploads\/2025\/02\/100152-Fleur-de-Sel-Epicee-Sal-de-Menorca.png<\/span>\n\t\t\t\t\t\t\t\t\t\t\t<span itemprop=\"height\">1080<\/span>\n\t\t\t\t\t\t\t\t\t\t\t<span itemprop=\"width\">1080<\/span>\n\t\t\t\t\t\t\t\t\t\t<\/span>\n\t\t\t\t\t\t\t\t\t\t<span class=\"av-structured-data\" itemprop=\"publisher\" itemscope=\"itemscope\" itemtype=\"https:\/\/schema.org\/Organization\">\n\t\t\t\t\t\t\t\t\t\t\t<span itemprop=\"name\">Bevanar&amp;Dorga SA<\/span>\n\t\t\t\t\t\t\t\t\t\t\t<span itemprop=\"logo\" itemscope=\"\" itemtype=\"https:\/\/schema.org\/ImageObject\">\n\t\t\t\t\t\t\t\t\t\t\t\t\t\t\t\t\t\t\t\t\t\t\t\t<span itemprop=\"url\"><\/span>\n\t\t\t\t\t\t\t\t\t\t\t<\/span>\n\t\t\t\t\t\t\t\t\t\t<\/span>\n\t\t\t\t\t\t\t\t\t\t<span class=\"av-structured-data\" itemprop=\"author\" itemscope=\"itemscope\" itemtype=\"https:\/\/schema.org\/Person\"><span itemprop=\"name\">Bevanar&#38;Dorga<\/span><\/span>\n\t\t\t\t\t\t\t\t\t\t<span class=\"av-structured-data\" itemprop=\"datePublished\" datetime=\"2025-02-28T12:30:42+01:00\">28 February 2025<\/span>\n\t\t\t\t\t\t\t\t\t\t<span class=\"av-structured-data\" itemprop=\"dateModified\">2025-02-28T12:30:42+01:00<\/span>\n\t\t\t\t\t\t\t\t\t\t<span class=\"av-structured-data\" itemprop=\"mainEntityOfPage\"><span itemprop=\"name\">Gew\u00fcrztes Fleur de Sel, Sal de Menorca<\/span><\/span>\n\t\t\t\t\t\t\t\t\t<\/span>\n\t\t\t\t\t\t\t\t<\/article>\n\t\t\t\t\t\t\t\t\t\t\t\t\t<\/div>\n\t\t\t\t\t\n<div  class='hr av-1ut5x4-1622d49fddca711b248ae3b59182bc3c hr-default'><span class='hr-inner '><span class=\"hr-inner-style\"><\/span><\/span><\/div>\n<section  class='av_textblock_section av-m7oi4ktj-4a92f04a666267a495d4409425e88f22 '   itemscope=\"itemscope\" itemtype=\"https:\/\/schema.org\/CreativeWork\" ><div class='avia_textblock'  itemprop=\"text\" ><h2 style=\"text-align: center;\">\ud83d\udc49 Entdecken Sie diese au\u00dfergew\u00f6hnlichen Salinen und den einzigartigen Ernteprozess in Bildern.<\/h2>\n<\/div><\/section>\n<div  class='avia-video av-m7nf96am-08587d8c410eaba4d77feb700dc01615 avia-video-16-9 av-no-preview-image avia-video-load-always av-lazyload-immediate av-lazyload-video-embed'  itemprop=\"video\" itemtype=\"https:\/\/schema.org\/VideoObject\"  data-original_url='https:\/\/www.youtube.com\/watch?v=nGtQ3Zxjjr4'><script type='text\/html' class='av-video-tmpl'><div class='avia-iframe-wrap'><iframe loading=\"lazy\" title=\"Sal de Menorca_ Salinas de la Concepci\u00f3n 1min Fran\u00e7ais\" width=\"1500\" height=\"844\" src=\"https:\/\/www.youtube.com\/embed\/nGtQ3Zxjjr4?feature=oembed&autoplay=0&loop=0&controls=1&mute=0\" frameborder=\"0\" allow=\"accelerometer; autoplay; clipboard-write; encrypted-media; gyroscope; picture-in-picture; web-share\" referrerpolicy=\"strict-origin-when-cross-origin\" allowfullscreen><\/iframe><\/div><\/script><div class='av-click-to-play-overlay'><div class=\"avia_playpause_icon\"><\/div><\/div><\/div>\n<div  class='hr av-2mioew-79961adc251e70da41826cadb8072546 hr-default'><span class='hr-inner '><span class=\"hr-inner-style\"><\/span><\/span><\/div>\n","protected":false},"excerpt":{"rendered":"<p>Mehr als ein Salz, es ist die Seele Menorcas!<br \/>\nDiesen Monat freuen wir uns, einen neuen Schatz in unserem Sortiment begr\u00fc\u00dfen zu d\u00fcrfen: Sal de Menorca, das einzigartige Fleur de Sel von Menorca.<br \/>\nDieses seltene, handwerklich geerntete Salz wird Ihre Gerichte veredeln. Entdecken Sie diese Exklusivit\u00e4t! <\/p>\n","protected":false},"author":2,"featured_media":5377,"comment_status":"closed","ping_status":"closed","sticky":false,"template":"","format":"standard","meta":{"_acf_changed":false,"footnotes":""},"categories":[130],"tags":[],"class_list":["post-5481","post","type-post","status-publish","format-standard","has-post-thumbnail","hentry","category-nachrichten"],"acf":[],"yoast_head":"<!-- This site is optimized with the Yoast SEO plugin v23.5 - https:\/\/yoast.com\/wordpress\/plugins\/seo\/ -->\n<title>Exklusive Neuheit: SAL DE MENORCA - Bevanar&amp;Dorga SA<\/title>\n<meta name=\"robots\" content=\"index, follow, max-snippet:-1, max-image-preview:large, max-video-preview:-1\" \/>\n<link rel=\"canonical\" href=\"https:\/\/www.bevanar-dorga.ch\/de\/exklusive-neuheit-sal-de-menorca\/\" \/>\n<meta property=\"og:locale\" content=\"de_DE\" \/>\n<meta property=\"og:type\" content=\"article\" \/>\n<meta property=\"og:title\" content=\"Exklusive Neuheit: SAL DE MENORCA - Bevanar&amp;Dorga SA\" \/>\n<meta property=\"og:description\" content=\"Mehr als ein Salz, es ist die Seele Menorcas! Diesen Monat freuen wir uns, einen neuen Schatz in unserem Sortiment begr\u00fc\u00dfen zu d\u00fcrfen: Sal de Menorca, das einzigartige Fleur de Sel von Menorca. Dieses seltene, handwerklich geerntete Salz wird Ihre Gerichte veredeln. Entdecken Sie diese Exklusivit\u00e4t!\" \/>\n<meta property=\"og:url\" content=\"https:\/\/www.bevanar-dorga.ch\/de\/exklusive-neuheit-sal-de-menorca\/\" \/>\n<meta property=\"og:site_name\" content=\"Bevanar&amp;Dorga SA\" \/>\n<meta property=\"article:published_time\" content=\"2025-03-03T09:12:54+00:00\" \/>\n<meta property=\"article:modified_time\" content=\"2025-05-16T13:11:02+00:00\" \/>\n<meta property=\"og:image\" content=\"https:\/\/www.bevanar-dorga.ch\/wp\/wp-content\/uploads\/2025\/02\/Salines-Sal-de-Menorca-1.jpg\" \/>\n\t<meta property=\"og:image:width\" content=\"2000\" \/>\n\t<meta property=\"og:image:height\" content=\"1000\" \/>\n\t<meta property=\"og:image:type\" content=\"image\/jpeg\" \/>\n<meta name=\"author\" content=\"Bevanar&amp;Dorga\" \/>\n<meta name=\"twitter:card\" content=\"summary_large_image\" \/>\n<meta name=\"twitter:label1\" content=\"Written by\" \/>\n\t<meta name=\"twitter:data1\" content=\"Bevanar&amp;Dorga\" \/>\n\t<meta name=\"twitter:label2\" content=\"Est. reading time\" \/>\n\t<meta name=\"twitter:data2\" content=\"4 minutes\" \/>\n<script type=\"application\/ld+json\" class=\"yoast-schema-graph\">{\"@context\":\"https:\/\/schema.org\",\"@graph\":[{\"@type\":\"WebPage\",\"@id\":\"https:\/\/www.bevanar-dorga.ch\/de\/exklusive-neuheit-sal-de-menorca\/\",\"url\":\"https:\/\/www.bevanar-dorga.ch\/de\/exklusive-neuheit-sal-de-menorca\/\",\"name\":\"Exklusive Neuheit: SAL DE MENORCA - Bevanar&amp;Dorga SA\",\"isPartOf\":{\"@id\":\"https:\/\/www.bevanar-dorga.ch\/de\/#website\"},\"primaryImageOfPage\":{\"@id\":\"https:\/\/www.bevanar-dorga.ch\/de\/exklusive-neuheit-sal-de-menorca\/#primaryimage\"},\"image\":{\"@id\":\"https:\/\/www.bevanar-dorga.ch\/de\/exklusive-neuheit-sal-de-menorca\/#primaryimage\"},\"thumbnailUrl\":\"https:\/\/www.bevanar-dorga.ch\/wp\/wp-content\/uploads\/2025\/02\/Salines-Sal-de-Menorca-1.jpg\",\"datePublished\":\"2025-03-03T09:12:54+00:00\",\"dateModified\":\"2025-05-16T13:11:02+00:00\",\"author\":{\"@id\":\"https:\/\/www.bevanar-dorga.ch\/de\/#\/schema\/person\/6c03e658c99cb99292595991c178e20d\"},\"breadcrumb\":{\"@id\":\"https:\/\/www.bevanar-dorga.ch\/de\/exklusive-neuheit-sal-de-menorca\/#breadcrumb\"},\"inLanguage\":\"de-DE\",\"potentialAction\":[{\"@type\":\"ReadAction\",\"target\":[\"https:\/\/www.bevanar-dorga.ch\/de\/exklusive-neuheit-sal-de-menorca\/\"]}]},{\"@type\":\"ImageObject\",\"inLanguage\":\"de-DE\",\"@id\":\"https:\/\/www.bevanar-dorga.ch\/de\/exklusive-neuheit-sal-de-menorca\/#primaryimage\",\"url\":\"https:\/\/www.bevanar-dorga.ch\/wp\/wp-content\/uploads\/2025\/02\/Salines-Sal-de-Menorca-1.jpg\",\"contentUrl\":\"https:\/\/www.bevanar-dorga.ch\/wp\/wp-content\/uploads\/2025\/02\/Salines-Sal-de-Menorca-1.jpg\",\"width\":2000,\"height\":1000},{\"@type\":\"BreadcrumbList\",\"@id\":\"https:\/\/www.bevanar-dorga.ch\/de\/exklusive-neuheit-sal-de-menorca\/#breadcrumb\",\"itemListElement\":[{\"@type\":\"ListItem\",\"position\":1,\"name\":\"Accueil\",\"item\":\"https:\/\/www.bevanar-dorga.ch\/de\/accueil\/\"},{\"@type\":\"ListItem\",\"position\":2,\"name\":\"Exklusive Neuheit: SAL DE MENORCA\"}]},{\"@type\":\"WebSite\",\"@id\":\"https:\/\/www.bevanar-dorga.ch\/de\/#website\",\"url\":\"https:\/\/www.bevanar-dorga.ch\/de\/\",\"name\":\"Bevanar&amp;Dorga SA\",\"description\":\"Votre partenaire Suisse pour les produits gastronomique\",\"potentialAction\":[{\"@type\":\"SearchAction\",\"target\":{\"@type\":\"EntryPoint\",\"urlTemplate\":\"https:\/\/www.bevanar-dorga.ch\/de\/?s={search_term_string}\"},\"query-input\":{\"@type\":\"PropertyValueSpecification\",\"valueRequired\":true,\"valueName\":\"search_term_string\"}}],\"inLanguage\":\"de-DE\"},{\"@type\":\"Person\",\"@id\":\"https:\/\/www.bevanar-dorga.ch\/de\/#\/schema\/person\/6c03e658c99cb99292595991c178e20d\",\"name\":\"Bevanar&amp;Dorga\",\"image\":{\"@type\":\"ImageObject\",\"inLanguage\":\"de-DE\",\"@id\":\"https:\/\/www.bevanar-dorga.ch\/de\/#\/schema\/person\/image\/\",\"url\":\"https:\/\/secure.gravatar.com\/avatar\/7ece48c39f2166fabcf4adacbc53b7c92538dcdd8af298ddbf4d24f06044ed46?s=96&d=mm&r=g\",\"contentUrl\":\"https:\/\/secure.gravatar.com\/avatar\/7ece48c39f2166fabcf4adacbc53b7c92538dcdd8af298ddbf4d24f06044ed46?s=96&d=mm&r=g\",\"caption\":\"Bevanar&amp;Dorga\"},\"url\":\"https:\/\/www.bevanar-dorga.ch\/de\/author\/bevanar-dorga\/\"}]}<\/script>\n<!-- \/ Yoast SEO plugin. -->","yoast_head_json":{"title":"Exklusive Neuheit: SAL DE MENORCA - Bevanar&amp;Dorga SA","robots":{"index":"index","follow":"follow","max-snippet":"max-snippet:-1","max-image-preview":"max-image-preview:large","max-video-preview":"max-video-preview:-1"},"canonical":"https:\/\/www.bevanar-dorga.ch\/de\/exklusive-neuheit-sal-de-menorca\/","og_locale":"de_DE","og_type":"article","og_title":"Exklusive Neuheit: SAL DE MENORCA - Bevanar&amp;Dorga SA","og_description":"Mehr als ein Salz, es ist die Seele Menorcas! Diesen Monat freuen wir uns, einen neuen Schatz in unserem Sortiment begr\u00fc\u00dfen zu d\u00fcrfen: Sal de Menorca, das einzigartige Fleur de Sel von Menorca. Dieses seltene, handwerklich geerntete Salz wird Ihre Gerichte veredeln. Entdecken Sie diese Exklusivit\u00e4t!","og_url":"https:\/\/www.bevanar-dorga.ch\/de\/exklusive-neuheit-sal-de-menorca\/","og_site_name":"Bevanar&amp;Dorga SA","article_published_time":"2025-03-03T09:12:54+00:00","article_modified_time":"2025-05-16T13:11:02+00:00","og_image":[{"width":2000,"height":1000,"url":"https:\/\/www.bevanar-dorga.ch\/wp\/wp-content\/uploads\/2025\/02\/Salines-Sal-de-Menorca-1.jpg","type":"image\/jpeg"}],"author":"Bevanar&amp;Dorga","twitter_card":"summary_large_image","twitter_misc":{"Written by":"Bevanar&amp;Dorga","Est. reading time":"4 minutes"},"schema":{"@context":"https:\/\/schema.org","@graph":[{"@type":"WebPage","@id":"https:\/\/www.bevanar-dorga.ch\/de\/exklusive-neuheit-sal-de-menorca\/","url":"https:\/\/www.bevanar-dorga.ch\/de\/exklusive-neuheit-sal-de-menorca\/","name":"Exklusive Neuheit: SAL DE MENORCA - Bevanar&amp;Dorga SA","isPartOf":{"@id":"https:\/\/www.bevanar-dorga.ch\/de\/#website"},"primaryImageOfPage":{"@id":"https:\/\/www.bevanar-dorga.ch\/de\/exklusive-neuheit-sal-de-menorca\/#primaryimage"},"image":{"@id":"https:\/\/www.bevanar-dorga.ch\/de\/exklusive-neuheit-sal-de-menorca\/#primaryimage"},"thumbnailUrl":"https:\/\/www.bevanar-dorga.ch\/wp\/wp-content\/uploads\/2025\/02\/Salines-Sal-de-Menorca-1.jpg","datePublished":"2025-03-03T09:12:54+00:00","dateModified":"2025-05-16T13:11:02+00:00","author":{"@id":"https:\/\/www.bevanar-dorga.ch\/de\/#\/schema\/person\/6c03e658c99cb99292595991c178e20d"},"breadcrumb":{"@id":"https:\/\/www.bevanar-dorga.ch\/de\/exklusive-neuheit-sal-de-menorca\/#breadcrumb"},"inLanguage":"de-DE","potentialAction":[{"@type":"ReadAction","target":["https:\/\/www.bevanar-dorga.ch\/de\/exklusive-neuheit-sal-de-menorca\/"]}]},{"@type":"ImageObject","inLanguage":"de-DE","@id":"https:\/\/www.bevanar-dorga.ch\/de\/exklusive-neuheit-sal-de-menorca\/#primaryimage","url":"https:\/\/www.bevanar-dorga.ch\/wp\/wp-content\/uploads\/2025\/02\/Salines-Sal-de-Menorca-1.jpg","contentUrl":"https:\/\/www.bevanar-dorga.ch\/wp\/wp-content\/uploads\/2025\/02\/Salines-Sal-de-Menorca-1.jpg","width":2000,"height":1000},{"@type":"BreadcrumbList","@id":"https:\/\/www.bevanar-dorga.ch\/de\/exklusive-neuheit-sal-de-menorca\/#breadcrumb","itemListElement":[{"@type":"ListItem","position":1,"name":"Accueil","item":"https:\/\/www.bevanar-dorga.ch\/de\/accueil\/"},{"@type":"ListItem","position":2,"name":"Exklusive Neuheit: SAL DE MENORCA"}]},{"@type":"WebSite","@id":"https:\/\/www.bevanar-dorga.ch\/de\/#website","url":"https:\/\/www.bevanar-dorga.ch\/de\/","name":"Bevanar&amp;Dorga SA","description":"Votre partenaire Suisse pour les produits gastronomique","potentialAction":[{"@type":"SearchAction","target":{"@type":"EntryPoint","urlTemplate":"https:\/\/www.bevanar-dorga.ch\/de\/?s={search_term_string}"},"query-input":{"@type":"PropertyValueSpecification","valueRequired":true,"valueName":"search_term_string"}}],"inLanguage":"de-DE"},{"@type":"Person","@id":"https:\/\/www.bevanar-dorga.ch\/de\/#\/schema\/person\/6c03e658c99cb99292595991c178e20d","name":"Bevanar&amp;Dorga","image":{"@type":"ImageObject","inLanguage":"de-DE","@id":"https:\/\/www.bevanar-dorga.ch\/de\/#\/schema\/person\/image\/","url":"https:\/\/secure.gravatar.com\/avatar\/7ece48c39f2166fabcf4adacbc53b7c92538dcdd8af298ddbf4d24f06044ed46?s=96&d=mm&r=g","contentUrl":"https:\/\/secure.gravatar.com\/avatar\/7ece48c39f2166fabcf4adacbc53b7c92538dcdd8af298ddbf4d24f06044ed46?s=96&d=mm&r=g","caption":"Bevanar&amp;Dorga"},"url":"https:\/\/www.bevanar-dorga.ch\/de\/author\/bevanar-dorga\/"}]}},"_links":{"self":[{"href":"https:\/\/www.bevanar-dorga.ch\/de\/wp-json\/wp\/v2\/posts\/5481","targetHints":{"allow":["GET"]}}],"collection":[{"href":"https:\/\/www.bevanar-dorga.ch\/de\/wp-json\/wp\/v2\/posts"}],"about":[{"href":"https:\/\/www.bevanar-dorga.ch\/de\/wp-json\/wp\/v2\/types\/post"}],"author":[{"embeddable":true,"href":"https:\/\/www.bevanar-dorga.ch\/de\/wp-json\/wp\/v2\/users\/2"}],"replies":[{"embeddable":true,"href":"https:\/\/www.bevanar-dorga.ch\/de\/wp-json\/wp\/v2\/comments?post=5481"}],"version-history":[{"count":7,"href":"https:\/\/www.bevanar-dorga.ch\/de\/wp-json\/wp\/v2\/posts\/5481\/revisions"}],"predecessor-version":[{"id":6441,"href":"https:\/\/www.bevanar-dorga.ch\/de\/wp-json\/wp\/v2\/posts\/5481\/revisions\/6441"}],"wp:featuredmedia":[{"embeddable":true,"href":"https:\/\/www.bevanar-dorga.ch\/de\/wp-json\/wp\/v2\/media\/5377"}],"wp:attachment":[{"href":"https:\/\/www.bevanar-dorga.ch\/de\/wp-json\/wp\/v2\/media?parent=5481"}],"wp:term":[{"taxonomy":"category","embeddable":true,"href":"https:\/\/www.bevanar-dorga.ch\/de\/wp-json\/wp\/v2\/categories?post=5481"},{"taxonomy":"post_tag","embeddable":true,"href":"https:\/\/www.bevanar-dorga.ch\/de\/wp-json\/wp\/v2\/tags?post=5481"}],"curies":[{"name":"wp","href":"https:\/\/api.w.org\/{rel}","templated":true}]}}